{"id":9183,"date":"2022-10-18T18:07:13","date_gmt":"2022-10-18T16:07:13","guid":{"rendered":"https:\/\/puissalicon.fr\/?p=9183"},"modified":"2022-10-18T18:07:13","modified_gmt":"2022-10-18T16:07:13","slug":"alerte-secheresse-arrete-prefectoral-17-10-2022-passage-en-alerte-vigilance-allegements-des-mesures-dinterdiction-et-de-restrictions-deau","status":"publish","type":"post","link":"https:\/\/puissalicon.fr\/index.php\/2022\/10\/18\/alerte-secheresse-arrete-prefectoral-17-10-2022-passage-en-alerte-vigilance-allegements-des-mesures-dinterdiction-et-de-restrictions-deau\/","title":{"rendered":"Alerte s\u00e9cheresse \u2013 Arr\u00eat\u00e9 pr\u00e9fectoral 17\/10\/2022 \u2013 Passage en alerte vigilance \u2013 all\u00e8gements des mesures d\u2019interdiction et de restrictions d\u2019eau"},"content":{"rendered":"<p><b>All\u00e8gement des mesures de restriction sur les usages de l\u2019eau pour l\u2019axe Orb r\u00e9aliment\u00e9, l\u2019Orb aval et le<\/b><br \/>\n<b>bassin versant de la Cesse, maintien des mesures sur le reste du d\u00e9partement de l\u2019H\u00e9rault<\/b><\/p>\n<p>Les derniers \u00e9pisodes de pluies, notamment celui du 23 septembre, ont permis aux nappes et aux cours<br \/>\nd\u2019eau de retrouver des niveaux normaux, en particulier dans la partie est du d\u00e9partement. C\u2019est<br \/>\n\u00e9galement le cas sur l\u2019axe Orb r\u00e9aliment\u00e9 et le biterrois.<br \/>\nLa situation reste cependant contrast\u00e9e. Les conditions s\u00e8ches sur l\u2019ouest du d\u00e9partement persistent,<br \/>\nnotamment sur les hauts cantons et les secteurs limitrophes de l\u2019Aude. Cette situation ne permet donc<br \/>\npas de lever toutes les mesures sur les restrictions d\u2019usage de l\u2019eau, malgr\u00e9 une diminution de la<br \/>\npression sur la ressource.<br \/>\nDans ce contexte, sur proposition du comit\u00e9 d\u00e9partemental de suivi de la ressource en eau, le pr\u00e9fet<br \/>\nde l\u2019H\u00e9rault a d\u00e9cid\u00e9 :<\/p>\n<ul>\n<li>L\u2019all\u00e8gement des mesures pour l\u2019axe Orb r\u00e9aliment\u00e9, l\u2019Orb aval et le bassin versant de la Cesse, qui demeurent toutefois en vigilance ;<\/li>\n<li>Le maintien des restrictions jusqu\u2019alors en place sur le reste du d\u00e9partement, notamment le niveau \u00ab alerte renforc\u00e9e \u00bb sur les parties h\u00e9raultaises de l\u2019Aude aval et de l\u2019Argent double.<\/li>\n<\/ul>\n<p><a href=\"https:\/\/www.herault.gouv.fr\/var\/ide_site\/storage\/images\/media\/images\/diagramme6\/284935-1-fre-FR\/diagramme.jpg\" target=\"_blank\" rel=\"noopener\"><img loading=\"lazy\" decoding=\"async\" class=\"aligncenter\" title=\"Afficher l'image dans sa taille d'origine - Nouvelle fen\u00eatre\" src=\"https:\/\/www.herault.gouv.fr\/var\/ide_site\/storage\/images\/media\/images\/diagramme6\/284935-1-fre-FR\/diagramme_medium.jpg\" alt=\"diagramme\" width=\"160\" height=\"167\" \/><\/a><\/p>\n<p><u><b>* Pour rappel, sur les communes en situation d\u2019alerte renforc\u00e9e, les <\/b><\/u><u><b>mesures de restriction concernent notamment :<\/b><\/u> l\u2019arrosage des espaces sportifs, des pelouses et des espaces verts priv\u00e9s et publics, le lavage des voiries, le fonctionnement des douches de plage, le remplissage ou le maintien du niveau des \u00e9tangs et des plans d\u2019eau \u00e0 usage personnel, la vidange des plans d\u2019eau dans les cours d\u2019eau. L\u2019arrosage des jardins potagers et des golfs est interdit entre 8h et 20h, et r\u00e9duit aux greens et d\u00e9parts en dehors de ces horaires pour les golfs. L\u2019irrigation agricole est<br \/>\ninterdite entre 11h et 20h, sauf pour les modes d\u2019irrigation \u00e9conomes en eau ou pour les productions sp\u00e9cialis\u00e9es tr\u00e8s d\u00e9pendantes en eau et fragiles.<\/p>\n<p>&gt; Communiqu\u00e9 de presse &#8211; format : <abbr>PDF<\/abbr>\u00a0<a title=\"Communiqu\u00e9 de presse - 17\/10\/2022\" href=\"https:\/\/www.herault.gouv.fr\/content\/download\/44043\/284951\/file\/CP%20prefecture%2034.pdf\" target=\"_blank\" rel=\"noopener\" data-xiti-name=\"CP_prefecture_34.pdf\" data-xiti-type=\"download\" data-xiti-niv2=\"5\"><img decoding=\"async\" src=\"https:\/\/www.herault.gouv.fr\/extension\/ide\/design\/ide_design\/images\/icones\/save.png\" alt=\"sauvegarder le fichier\" \/><img decoding=\"async\" src=\"https:\/\/www.herault.gouv.fr\/extension\/ide\/design\/ide_design\/images\/icones\/pdf.png\" alt=\"sauvegarder le fichier\" \/><\/a>\u00a0&#8211; 0,11 Mb<\/p>\n<div class=\"\">\n<p class=\"fichier\">&gt; Arrete-secheresse-17-10-2022 &#8211; format :\u00a0<abbr>PDF<\/abbr>\u00a0<a title=\"Arrete-secheresse-17-10-2022 - 17\/10\/2022\" href=\"https:\/\/www.herault.gouv.fr\/content\/download\/44048\/284977\/file\/Arrete-secheresse-17-10-2022.pdf\" target=\"_blank\" rel=\"noopener\" data-xiti-name=\"Arrete-secheresse-17-10-2022.pdf\" data-xiti-type=\"download\" data-xiti-niv2=\"5\"><img decoding=\"async\" src=\"https:\/\/www.herault.gouv.fr\/extension\/ide\/design\/ide_design\/images\/icones\/save.png\" alt=\"sauvegarder le fichier\" \/><img decoding=\"async\" src=\"https:\/\/www.herault.gouv.fr\/extension\/ide\/design\/ide_design\/images\/icones\/pdf.png\" alt=\"sauvegarder le fichier\" \/><\/a>\u00a0&#8211; 2,87 Mb<\/p>\n<\/div>\n<div class=\"\">\n<p class=\"fichier\">&gt; Cartes d&rsquo;\u00e9tat des ressources &#8211; format :\u00a0<abbr>PDF<\/abbr>\u00a0<a title=\"Cartes d'\u00e9tat des ressources - 17\/10\/2022\" href=\"https:\/\/www.herault.gouv.fr\/content\/download\/44051\/285011\/file\/Carte_mesures_secheresse.pdf\" target=\"_blank\" rel=\"noopener\" data-xiti-name=\"Carte_mesures_secheresse.pdf\" data-xiti-type=\"download\" data-xiti-niv2=\"5\"><img decoding=\"async\" src=\"https:\/\/www.herault.gouv.fr\/extension\/ide\/design\/ide_design\/images\/icones\/save.png\" alt=\"sauvegarder le fichier\" \/><img decoding=\"async\" src=\"https:\/\/www.herault.gouv.fr\/extension\/ide\/design\/ide_design\/images\/icones\/pdf.png\" alt=\"sauvegarder le fichier\" \/><\/a>\u00a0&#8211; 0,95 Mb<\/p>\n<\/div>\n","protected":false},"excerpt":{"rendered":"<p>All\u00e8gement des mesures de restriction sur les usages de l\u2019eau pour l\u2019axe Orb r\u00e9aliment\u00e9, l\u2019Orb aval et le bassin versant de la Cesse, maintien des mesures sur le reste du d\u00e9partement de l\u2019H\u00e9rault Les derniers \u00e9pisodes de pluies, notamment celui du 23 septembre, ont permis aux nappes et aux cours d\u2019eau de retrouver des niveaux [&hellip;]<\/p>\n","protected":false},"author":10,"featured_media":8847,"comment_status":"closed","ping_status":"closed","sticky":false,"template":"","format":"standard","meta":{"footnotes":""},"categories":[2],"tags":[],"class_list":["post-9183","post","type-post","status-publish","format-standard","has-post-thumbnail","hentry","category-actualites"],"post_mailing_queue_ids":[],"_links":{"self":[{"href":"https:\/\/puissalicon.fr\/index.php\/wp-json\/wp\/v2\/posts\/9183","targetHints":{"allow":["GET"]}}],"collection":[{"href":"https:\/\/puissalicon.fr\/index.php\/wp-json\/wp\/v2\/posts"}],"about":[{"href":"https:\/\/puissalicon.fr\/index.php\/wp-json\/wp\/v2\/types\/post"}],"author":[{"embeddable":true,"href":"https:\/\/puissalicon.fr\/index.php\/wp-json\/wp\/v2\/users\/10"}],"replies":[{"embeddable":true,"href":"https:\/\/puissalicon.fr\/index.php\/wp-json\/wp\/v2\/comments?post=9183"}],"version-history":[{"count":2,"href":"https:\/\/puissalicon.fr\/index.php\/wp-json\/wp\/v2\/posts\/9183\/revisions"}],"predecessor-version":[{"id":9185,"href":"https:\/\/puissalicon.fr\/index.php\/wp-json\/wp\/v2\/posts\/9183\/revisions\/9185"}],"wp:featuredmedia":[{"embeddable":true,"href":"https:\/\/puissalicon.fr\/index.php\/wp-json\/wp\/v2\/media\/8847"}],"wp:attachment":[{"href":"https:\/\/puissalicon.fr\/index.php\/wp-json\/wp\/v2\/media?parent=9183"}],"wp:term":[{"taxonomy":"category","embeddable":true,"href":"https:\/\/puissalicon.fr\/index.php\/wp-json\/wp\/v2\/categories?post=9183"},{"taxonomy":"post_tag","embeddable":true,"href":"https:\/\/puissalicon.fr\/index.php\/wp-json\/wp\/v2\/tags?post=9183"}],"curies":[{"name":"wp","href":"https:\/\/api.w.org\/{rel}","templated":true}]}}