{"id":8789,"date":"2022-07-01T08:00:59","date_gmt":"2022-07-01T06:00:59","guid":{"rendered":"https:\/\/puissalicon.fr\/?p=8789"},"modified":"2024-10-29T14:36:39","modified_gmt":"2024-10-29T13:36:39","slug":"actes-reglementaires-de-la-collectivite-annee-2022","status":"publish","type":"post","link":"https:\/\/puissalicon.fr\/index.php\/2022\/07\/01\/actes-reglementaires-de-la-collectivite-annee-2022\/","title":{"rendered":"Actes r\u00e9glementaires de la Collectivit\u00e9 &#8211; ann\u00e9e 2022"},"content":{"rendered":"<p><em><strong>Depuis le 1 juillet 2022<\/strong>, les r\u00e8gles d&rsquo;entr\u00e9e en vigueur des actes pris par les collectivit\u00e9s sont modifi\u00e9es par l&rsquo;ordonnance n\u00b02021-1310 du 7 octobre 2021 et le d\u00e9cret n\u00b02021-1311 du 7 octobre 2021.\u00a0<\/em><em>Pour \u00eatre port\u00e9s \u00e0 la connaissance du public, les actes r\u00e8glementaires font d\u00e9sormais l&rsquo;objet d&rsquo;une <strong>publication sous forme \u00e9lectronique sur le site internet<\/strong> de la Commune. (<\/em><em>D\u00e9lib\u00e9ration n\u00b02022-22 du 24\/05\/2022 &#8211; Publicit\u00e9 des actes de la collectivit\u00e9)<\/em><\/p>\n<h1><strong><u>ARRETES<\/u><\/strong><\/h1>\n<p><a href=\"https:\/\/puissalicon.fr\/wp-content\/uploads\/2022\/07\/ARRETE-2022-158-Autorisation-tir-feu-dartifice-fete-nationale-14-juillet-2022.pdf\" target=\"_blank\" rel=\"noopener\">ARRETE 2022-158 &#8211; Autorisation tir feu d&rsquo;artifice f\u00eate nationale 14 juillet 2022<\/a><\/p>\n<p><a href=\"https:\/\/puissalicon.fr\/wp-content\/uploads\/2022\/07\/ARRETE-2022-159-Debit-de-boissons-temporaire-fete-nationale-14-juillet-2022.pdf\" target=\"_blank\" rel=\"noopener\">ARRETE 2022-159 &#8211; D\u00e9bit de boissons temporaire f\u00eate nationale 14 juillet 2022<\/a><\/p>\n<p><a href=\"https:\/\/puissalicon.fr\/wp-content\/uploads\/2022\/07\/ARRETE-2022-161-Autorisation-bal-Fete-Nationale-14-juillet-2022.pdf\" target=\"_blank\" rel=\"noopener\">ARRETE 2022-161 &#8211; Autorisation bal F\u00eate Nationale 14 juillet 2022<\/a><\/p>\n<p><a href=\"https:\/\/puissalicon.fr\/wp-content\/uploads\/2022\/07\/ARRETE-2022-162-Interdiction-de-stationner-et-de-circuler-rue-de-la-Promenade-14-juillet-2022.pdf\" target=\"_blank\" rel=\"noopener\">ARRETE 2022-162 &#8211; Interdiction de stationner et de circuler rue de la Promenade 14 juillet 2022<\/a><\/p>\n<p><a href=\"https:\/\/puissalicon.fr\/wp-content\/uploads\/2022\/07\/ARRETE-2022-163-Interdiction-de-circuler-et-de-stationner-lotissement-le-Salabert-et-rue-du-moulin-des-rives.pdf\" target=\"_blank\" rel=\"noopener\">ARRETE 2022-163 &#8211; Interdiction de circuler et de stationner lotissement le Salabert et rue du moulin des rives<\/a><\/p>\n<p><a href=\"https:\/\/puissalicon.fr\/wp-content\/uploads\/2022\/07\/ARRETE-2022-164-Interdiction-de-circuler-et-de-stationner-route-des-Muriers.pdf\" target=\"_blank\" rel=\"noopener\">ARRETE 2022-164 &#8211; Interdiction de circuler et de stationner route des Muriers<\/a><\/p>\n<p><a href=\"https:\/\/puissalicon.fr\/wp-content\/uploads\/2022\/07\/ARRETE-2022-165-Permission-de-voirie-rue-de-lEspinasse.pdf\" target=\"_blank\" rel=\"noopener\">ARRETE 2022-165 &#8211; Permission de voirie rue de l&rsquo;Espinasse<\/a><\/p>\n<p><a href=\"https:\/\/puissalicon.fr\/wp-content\/uploads\/2022\/07\/ARRETE-2022-173-Interdiction-de-stationner-chemin-des-Crozes.pdf\" target=\"_blank\" rel=\"noopener\">ARRETE 2022-173 &#8211; Interdiction de stationner chemin des Crozes<\/a><\/p>\n<p><a href=\"https:\/\/puissalicon.fr\/wp-content\/uploads\/2022\/07\/ARRETE-2022-174-Autorisation-de-stationnement-rue-de-la-Pompe.pdf\" target=\"_blank\" rel=\"noopener\">ARRETE 2022-174 &#8211; Autorisation de stationnement rue de la Pompe<\/a><\/p>\n<p><a href=\"https:\/\/puissalicon.fr\/wp-content\/uploads\/2022\/07\/ARRETE-2022-175-Interdiction-de-circuler-et-autorisation-de-stationnement-rue-Porte-des-montels.pdf\" target=\"_blank\" rel=\"noopener\">ARRETE 2022-175 &#8211; Interdiction de circuler et autorisation de stationnement rue Porte des montels<\/a><\/p>\n<p><a href=\"https:\/\/puissalicon.fr\/wp-content\/uploads\/2022\/07\/ARRETE-2022-176-Autorisation-de-voirie-et-interdiction-de-stationner-rue-du-Chasselas.pdf\" target=\"_blank\" rel=\"noopener\">ARRETE 2022-176 &#8211; Autorisation de voirie et interdiction de stationner rue du Chasselas<\/a><\/p>\n<p><a href=\"https:\/\/puissalicon.fr\/wp-content\/uploads\/2022\/07\/ARRETE-2022-177-Autorisation-de-voirie-et-interdiction-de-stationner-rue-des-caves-neuves.pdf\" target=\"_blank\" rel=\"noopener\">ARRETE 2022-177 &#8211; Autorisation de voirie et interdiction de stationner rue des caves neuves<\/a><\/p>\n<p><a href=\"https:\/\/puissalicon.fr\/wp-content\/uploads\/2022\/07\/ARRETE-2022-179-Autorisation-dorganiser-le-8eme-Festival-des-Vendanges-le-10.09.2022.pdf\" target=\"_blank\" rel=\"noopener\">ARRETE 2022-179 &#8211; Autorisation d&rsquo;organiser le 8\u00e8me Festival des Vendanges le 10.09.2022<\/a><\/p>\n<p><a href=\"https:\/\/puissalicon.fr\/wp-content\/uploads\/2022\/07\/ARRETE-2022-180-Autorisation-douverture-dun-debit-de-boissons-temporaire-le-10.09.2022.pdf\" target=\"_blank\" rel=\"noopener\">ARRETE 2022-180 &#8211; Autorisation d&rsquo;ouverture d&rsquo;un d\u00e9bit de boissons temporaire le 10.09.2022<\/a><\/p>\n<p><a href=\"https:\/\/puissalicon.fr\/index.php\/2022\/07\/01\/actes-reglementaires-de-la-collectivite-annee-2022\/arrete-2022-181-autorisation-de-cloture-des-bals-publics-lors-du-8eme-festival-des-vendanges\/\" target=\"_blank\" rel=\"attachment noopener wp-att-9038\">ARRETE 2022-181 &#8211; Autorisation de cl\u00f4ture des bals publics lors du 8\u00e8me Festival des Vendanges<\/a><\/p>\n<p><a href=\"https:\/\/puissalicon.fr\/wp-content\/uploads\/2022\/07\/ARRETE-2022-182-Deviation-de-la-circulation-et-interdiction-de-stationner-rue-de-la-promenade.pdf\" target=\"_blank\" rel=\"noopener\">ARRETE 2022-182 &#8211; D\u00e9viation de la circulation et interdiction de stationner rue de la promenade<\/a><\/p>\n<p><a href=\"https:\/\/puissalicon.fr\/wp-content\/uploads\/2022\/07\/ARRETE-2022-185-Permission-de-voirie-creation-reseaux-nouveaux-HERAULT-THD.pdf\" target=\"_blank\" rel=\"noopener\">ARRETE 2022-185 &#8211; Permission de voirie cr\u00e9ation r\u00e9seaux nouveaux HERAULT THD<\/a><\/p>\n<p><a href=\"https:\/\/puissalicon.fr\/index.php\/2022\/07\/01\/actes-reglementaires-de-la-collectivite-annee-2022\/arrete-2022-189-autorisation-organisation-vide-grenier-le-2-octobre-2022\/\" target=\"_blank\" rel=\"attachment noopener wp-att-9034\">ARRETE 2022-189 &#8211; Autorisation organisation vide-grenier le 2 octobre 2022<\/a><\/p>\n<p><a href=\"https:\/\/puissalicon.fr\/index.php\/2022\/07\/01\/actes-reglementaires-de-la-collectivite-annee-2022\/arrete-2022-190-interdiction-de-circuler-et-de-stationner-rue-de-la-promenade\/\" target=\"_blank\" rel=\"attachment noopener wp-att-9035\">ARRETE 2022-190 &#8211; Interdiction de circuler et de stationner rue de la Promenade<\/a><\/p>\n<p><a href=\"https:\/\/puissalicon.fr\/index.php\/2022\/07\/01\/actes-reglementaires-de-la-collectivite-annee-2022\/arrete-2022-191-debit-de-boissons-temporaire-vide-grenier-le-2-octobre-2022\/\" target=\"_blank\" rel=\"attachment noopener wp-att-9036\">ARRETE 2022-191 &#8211; D\u00e9bit de boissons temporaire &#8211; vide-grenier le 2 octobre 2022<\/a><\/p>\n<p><a href=\"https:\/\/puissalicon.fr\/wp-content\/uploads\/2022\/07\/ARRETE-2022-192-Portant-autorisation-dorganiser-un-vide-dressing-les-26-et-27-octobre-2022-ID-150000.pdf\" target=\"_blank\" rel=\"noopener\">ARRETE 2022-192 &#8211; Portant autorisation d&rsquo;organiser un vide dressing les 26 et 27 octobre 2022<\/a><\/p>\n<p><a href=\"https:\/\/puissalicon.fr\/wp-content\/uploads\/2022\/07\/ARRETE-2022-193-Interdiction-de-circuler-rue-St-Guiraud-et-rue-du-Chateau.pdf\" target=\"_blank\" rel=\"noopener\">ARRETE 2022-193 &#8211; Interdiction de circuler rue St Guiraud et rue du Ch\u00e2teau<\/a><\/p>\n<p><a href=\"https:\/\/puissalicon.fr\/wp-content\/uploads\/2022\/07\/ARRETE-2022-198-Interdiction-de-circuler-et-permission-de-voirie-rue-Porte-Perot.pdf\" target=\"_blank\" rel=\"noopener\">ARRETE 2022-198 &#8211; Interdiction de circuler et permission de voirie rue Porte P\u00e9rot<\/a><\/p>\n<p><a href=\"https:\/\/puissalicon.fr\/wp-content\/uploads\/2022\/07\/ARRETE-2022-199-Debit-de-boissons-temporaire-concours-de-petanque-le-09-octobre-2022.pdf\" target=\"_blank\" rel=\"noopener\">ARRETE 2022-199 &#8211; D\u00e9bit de boissons temporaire &#8211; concours de p\u00e9tanque le 09 octobre 2022<\/a><\/p>\n<p><a href=\"https:\/\/puissalicon.fr\/wp-content\/uploads\/2022\/07\/ARRETE-2022-204-Autorisation-dorganisation-fete-dhalloween-de-lecole-le-21-octobre-2022.pdf\" target=\"_blank\" rel=\"noopener\">ARRETE 2022-204 &#8211; Autorisation d&rsquo;organisation &#8211; f\u00eate d&rsquo;halloween de l&rsquo;\u00e9cole le 21 octobre 2022<\/a><\/p>\n<p><a href=\"https:\/\/puissalicon.fr\/wp-content\/uploads\/2022\/07\/ARRETE-2022-205-Debit-de-boissons-temporaire-fete-dhalloween-de-lecole-le-21-octobre-2022.pdf\" target=\"_blank\" rel=\"noopener\">ARRETE 2022-205 &#8211; D\u00e9bit de boissons temporaire &#8211; f\u00eate d&rsquo;halloween de l&rsquo;\u00e9cole le 21 octobre 2022<\/a><\/p>\n<p><a href=\"https:\/\/puissalicon.fr\/wp-content\/uploads\/2022\/07\/ARRETE-2022-206-Interdiction-de-circuler-et-de-stationner-rue-de-la-Promenade-fete-dhalloween-de-lecole-le-21-octobre-2022.pdf\" target=\"_blank\" rel=\"noopener\">ARRETE 2022-206 &#8211; Interdiction de circuler et de stationner rue de la Promenade &#8211; f\u00eate d&rsquo;halloween de l&rsquo;\u00e9cole<\/a><\/p>\n<p><a href=\"https:\/\/puissalicon.fr\/wp-content\/uploads\/2022\/07\/ARRETE-2022-207-Permission-de-voirie-route-dEspondeilhan.pdf\" target=\"_blank\" rel=\"noopener\">ARRETE 2022-207 &#8211; Permission de voirie route d&rsquo;Espondeilhan<\/a><\/p>\n<p><a href=\"https:\/\/puissalicon.fr\/wp-content\/uploads\/2022\/07\/ARRETE-2022-208-Interdiction-de-circuler-et-permission-de-voirie-Traverse-Saint-Nazaire.pdf\" target=\"_blank\" rel=\"noopener\">ARRETE 2022-208 &#8211; Interdiction de circuler et permission de voirie Traverse Saint Nazaire<\/a><\/p>\n<p><a href=\"https:\/\/puissalicon.fr\/wp-content\/uploads\/2022\/07\/ARRETE-2022-209-Interdiction-de-stationner-route-de-Lieuran-les-Beziers-et-rue-Cave-des-Consuls.pdf\" target=\"_blank\" rel=\"noopener\">ARRETE 2022-209 &#8211; Interdiction de stationner route de Lieuran-l\u00e8s-B\u00e9ziers et rue Cave des Consuls<\/a><\/p>\n<p><a href=\"https:\/\/puissalicon.fr\/wp-content\/uploads\/2022\/07\/ARRETE-2022-217-Debit-de-boissons-temporaire-concours-de-petanque-le-12-novembre-2022.pdf\" target=\"_blank\" rel=\"noopener\">ARRETE 2022-217 &#8211; D\u00e9bit de boissons temporaire &#8211; concours de p\u00e9tanque le 12 novembre 2022<\/a><\/p>\n<p><a href=\"https:\/\/puissalicon.fr\/wp-content\/uploads\/2022\/07\/ARRETE-2022-220-Interdiction-de-circuler-route-dEspondeilhan.pdf\" target=\"_blank\" rel=\"noopener\">ARRETE 2022-220 &#8211; Interdiction de circuler route d&rsquo;Espondeilhan<\/a><\/p>\n<p><a href=\"https:\/\/puissalicon.fr\/wp-content\/uploads\/2022\/07\/ARRETE-2022-222-Circulation-alternee-avenue-de-Beziers.pdf\" target=\"_blank\" rel=\"noopener\">ARRETE 2022-222 &#8211; Circulation altern\u00e9e avenue de B\u00e9ziers<\/a><\/p>\n<p><a href=\"https:\/\/puissalicon.fr\/wp-content\/uploads\/2022\/07\/ARRETE-2022-223-Portant-autorisation-dorganiser-le-9eme-marche-de-Noel-le-02.12.2022.pdf\" target=\"_blank\" rel=\"noopener\">ARRETE 2022-223 &#8211; Portant autorisation d&rsquo;organiser le 9\u00e8me march\u00e9 de No\u00ebl le 02.12.2022<\/a><\/p>\n<p><a href=\"https:\/\/puissalicon.fr\/wp-content\/uploads\/2022\/07\/ARRETE-2022-224-Portant-deviation-de-la-circulation-et-interdiction-de-stationner-a-loccasion-du-9eme-marche-de-Noel-le-02.12.2022.pdf\" target=\"_blank\" rel=\"noopener\">ARRETE 2022-224 &#8211; Portant d\u00e9viation de la circulation et interdiction de stationner \u00e0 l&rsquo;occasion du 9\u00e8me march\u00e9 de No\u00ebl le 02.12.2022<\/a><\/p>\n<p><a href=\"https:\/\/puissalicon.fr\/wp-content\/uploads\/2022\/07\/ARRETE-2022-225-Portant-autorisation-douverture-dun-debit-de-boissons-temporaire-a-loccasion-du-9eme-marche-de-Noel-le-02.12.2022.pdf\">ARRETE 2022-225 &#8211; Portant autorisation d&rsquo;ouverture d&rsquo;un d\u00e9bit de boissons temporaire \u00e0 l&rsquo;occasion du 9\u00e8me march\u00e9 de No\u00ebl le 02.12.2022<\/a><\/p>\n<p><a href=\"https:\/\/puissalicon.fr\/wp-content\/uploads\/2022\/07\/ARRETE-2022-226-Interdiction-de-circuler-route-dEspondeilhan.pdf\" target=\"_blank\" rel=\"noopener\">ARRETE 2022-226 &#8211; Interdiction de circuler route d&rsquo;Espondeilhan<\/a><\/p>\n<p><a href=\"https:\/\/puissalicon.fr\/wp-content\/uploads\/2022\/07\/ARRETE-2022-227-Travaux-NGE-INFRANET-sur-lensemble-de-la-commune-dans-le-cadre-du-deploiement-de-la-fibre-optique.pdf\" target=\"_blank\" rel=\"noopener\">ARRETE 2022-227 &#8211; Travaux NGE-INFRANET sur l&rsquo;ensemble de la commune dans le cadre du d\u00e9ploiement de la fibre optique<\/a><\/p>\n<p><a href=\"https:\/\/puissalicon.fr\/wp-content\/uploads\/2022\/07\/ARRETE-2022-228-Permission-de-voirie-et-interdiction-de-circuler-rue-Cave-des-Consuls.pdf\" target=\"_blank\" rel=\"noopener\">ARRETE 2022-228 &#8211; Permission de voirie et interdiction de circuler rue Cave des Consuls<\/a><\/p>\n<p><a href=\"https:\/\/puissalicon.fr\/wp-content\/uploads\/2022\/07\/ARRETE-2022-229-Interdiction-de-circuler-rue-du-Chardonnay.pdf\">ARRETE 2022-229 &#8211; Interdiction de circuler rue du Chardonnay<\/a><\/p>\n<p><a href=\"https:\/\/puissalicon.fr\/wp-content\/uploads\/2022\/07\/ARRETE-2022-234-Interdiction-de-stationner-et-depasser-avenue-de-Beziers.pdf\" target=\"_blank\" rel=\"noopener\">ARRETE 2022-234 &#8211; Interdiction de stationner et d\u00e9passer avenue de B\u00e9ziers<\/a><\/p>\n<p><a href=\"https:\/\/puissalicon.fr\/wp-content\/uploads\/2022\/07\/ARRETE-2022-237-Permission-de-voirie-et-interdiction-de-circuler-rue-Cave-des-Consuls.pdf\" target=\"_blank\" rel=\"noopener\">ARRETE 2022-237 &#8211; Permission de voirie et interdiction de circuler rue Cave des Consuls<\/a><\/p>\n<p><a href=\"https:\/\/puissalicon.fr\/wp-content\/uploads\/2022\/07\/ARRETE-2022-238-Portant-autorisation-douverture-dun-debit-de-boissons-temporaire-a-loccasion-de-la-fete-de-Noel-le-11.12.2022.pdf\" target=\"_blank\" rel=\"noopener\">ARRETE 2022-238 &#8211; Portant autorisation d&rsquo;ouverture d&rsquo;un d\u00e9bit de boissons temporaire \u00e0 l&rsquo;occasion de la f\u00eate de No\u00ebl le 11.12.2022<\/a><\/p>\n<p><a href=\"https:\/\/puissalicon.fr\/wp-content\/uploads\/2022\/07\/ARRETE-2022-239-Arrete-de-mainlevee-de-peril-ordinaire-batiment-10-rue-de-lEspinasse-parcelle-B-2112.pdf\" target=\"_blank\" rel=\"noopener\">ARRETE 2022-239 &#8211; Arr\u00eat\u00e9 de mainlev\u00e9e de p\u00e9ril ordinaire &#8211; b\u00e2timent 10 rue de l&rsquo;Espinasse &#8211; parcelle B 2112<\/a><\/p>\n<p><a href=\"https:\/\/puissalicon.fr\/wp-content\/uploads\/2022\/07\/ARRETE-2022-258-Portant-deviation-de-la-circulation-et-interdiction-de-stationner-a-loccasion-du-Noel-de-lecole-le-16.12.2022.pdf\" target=\"_blank\" rel=\"noopener\">ARRETE 2022-258 &#8211; Portant d\u00e9viation de la circulation et interdiction de stationner \u00e0 l&rsquo;occasion du No\u00ebl de l&rsquo;\u00e9cole le 16.12.2022<\/a><\/p>\n<p>&nbsp;<\/p>\n<h1><strong><u>DELIBERATIONS<\/u><\/strong><\/h1>\n<p><a href=\"https:\/\/puissalicon.fr\/wp-content\/uploads\/2022\/07\/DCM-2022-23-Publicite-des-actes-de-la-collectivite.pdf\" target=\"_blank\" rel=\"noopener\">DCM 2022-23 &#8211; Publicit\u00e9 des actes de la collectivit\u00e9<\/a><\/p>\n<p><a href=\"https:\/\/puissalicon.fr\/wp-content\/uploads\/2022\/07\/DCM-2022-25-Approbation-PV-conseil-municipal-du-24.05.2022.pdf\" target=\"_blank\" rel=\"noopener\">DCM 2022-25 &#8211; Approbation PV conseil municipal du 24.05.2022<\/a><\/p>\n<p><a href=\"https:\/\/puissalicon.fr\/wp-content\/uploads\/2022\/07\/DCM-2022-26-Integration-parcelle-B2331-lotissement-LES-JARDINS-FLORENTINS.pdf\" target=\"_blank\" rel=\"noopener\">DCM 2022-26 &#8211; Integration parcelle B2331 lotissement LES JARDINS FLORENTINS<\/a><\/p>\n<p><a href=\"https:\/\/puissalicon.fr\/wp-content\/uploads\/2022\/07\/DCM-2022-27-\u2013-Integration-parcelles-B2264-B2265-lotissement-LE-CLAUD-DES-MURIERS.pdf\" target=\"_blank\" rel=\"noopener\">DCM 2022-27 \u2013 Integration parcelles B2264-B2265 lotissement LE CLAUD DES MURIERS<\/a><\/p>\n<p><a href=\"https:\/\/puissalicon.fr\/wp-content\/uploads\/2022\/07\/DCM-2022-28-Bail-avec-TOTEM-France-pour-le-pylone-de-telephonie-mobile.pdf\" target=\"_blank\" rel=\"noopener\">DCM 2022-28 &#8211; Bail avec TOTEM France pour le pyl\u00f4ne de t\u00e9l\u00e9phonie mobile<\/a><\/p>\n<p><a href=\"https:\/\/puissalicon.fr\/wp-content\/uploads\/2022\/07\/DCM-2022-29-Convention-Territoriale-Globale-Autorisation-de-signature.pdf\" target=\"_blank\" rel=\"noopener\">DCM 2022-29 &#8211; Convention Territoriale Globale &#8211; Autorisation de signature<\/a><\/p>\n<p><a href=\"https:\/\/puissalicon.fr\/wp-content\/uploads\/2022\/07\/DCM-2022-30-Recensement-population-2023-Designation-coordonnateur-communal.pdf\" target=\"_blank\" rel=\"noopener\">DCM 2022-30 &#8211; Recensement population 2023 &#8211; D\u00e9signation coordonnateur communal<\/a><\/p>\n<p><a href=\"https:\/\/puissalicon.fr\/wp-content\/uploads\/2022\/07\/DCM-2022-31-Recrutement-agent-contractuel-accroissement-temporaire-dactivite.pdf\" target=\"_blank\" rel=\"noopener\">DCM 2022-31 &#8211; Recrutement agent contractuel accroissement temporaire d&rsquo;activit\u00e9<\/a><\/p>\n<p><a href=\"https:\/\/puissalicon.fr\/wp-content\/uploads\/2022\/07\/DCM-2022-32-Convention-cadre-adhesion-mission-Assistance-au-recrutement-du-CDG-34.pdf\" target=\"_blank\" rel=\"noopener\">DCM 2022-32 &#8211; Convention cadre adh\u00e9sion mission Assistance au recrutement du CDG 34<\/a><\/p>\n<p><a href=\"https:\/\/puissalicon.fr\/wp-content\/uploads\/2022\/07\/DCM-2022-33-Approbation-PV-conseil-municipal-du-09.08.2022.pdf\" target=\"_blank\" rel=\"noopener\">DCM 2022-33 &#8211; Approbation PV conseil municipal du 09.08.2022<\/a><\/p>\n<p><a href=\"https:\/\/puissalicon.fr\/wp-content\/uploads\/2022\/07\/DCM-2022-34-DM-n\u00b01-du-budget-primitif-2022-de-la-Commune.pdf\" target=\"_blank\" rel=\"noopener\">DCM 2022-34 &#8211; DM n\u00b01 du budget primitif 2022 de la Commune<\/a><\/p>\n<p><a href=\"https:\/\/puissalicon.fr\/wp-content\/uploads\/2022\/07\/DCM-2022-35-Attribution-subvention-exceptionnelle-Telethon-2022.pdf\" target=\"_blank\" rel=\"noopener\">DCM 2022-35 &#8211; Attribution subvention exceptionnelle Telethon 2022<\/a><\/p>\n<p><a href=\"https:\/\/puissalicon.fr\/wp-content\/uploads\/2022\/07\/DCM-2022-36-Prise-en-charge-depenses-investissement.pdf\" target=\"_blank\" rel=\"noopener\">DCM 2022-36 &#8211; Prise en charge d\u00e9penses investissement<\/a><\/p>\n<p><a href=\"https:\/\/puissalicon.fr\/wp-content\/uploads\/2022\/07\/DCM-2022-37-Affectation-au-budget-communal-du-produit-des-concessions-du-cimetiere.pdf\" target=\"_blank\" rel=\"noopener\">DCM 2022-37 &#8211; Affectation au budget communal du produit des concessions du cimetiere<\/a><\/p>\n<p><a href=\"https:\/\/puissalicon.fr\/wp-content\/uploads\/2022\/07\/DCM-2022-38-programmation-Herault-Energies-travaux-Avenue-de-Beziers.pdf\" target=\"_blank\" rel=\"noopener\">DCM 2022-38 &#8211; programmation Herault Energies travaux Avenue de Beziers<\/a><\/p>\n<p><a href=\"https:\/\/puissalicon.fr\/wp-content\/uploads\/2022\/07\/DCM-2022-39-institution-du-permis-de-louer-et-modalites-dintervention.pdf\" target=\"_blank\" rel=\"noopener\">DCM 2022-39 &#8211; institution du permis de louer et modalit\u00e9s d&rsquo;intervention<\/a><\/p>\n<p><a href=\"https:\/\/puissalicon.fr\/wp-content\/uploads\/2022\/07\/DCM-2022-40-non-reversement-de-la-part-communale-de-la-TAM-a-la-CCAM.pdf\" target=\"_blank\" rel=\"noopener\">DCM 2022-40 &#8211; non reversement de la part communale de la TAM \u00e0 la CCAM<\/a><\/p>\n<p><a href=\"https:\/\/puissalicon.fr\/wp-content\/uploads\/2022\/07\/DCM-2022-41-Approbation-rapport-activites-et-CA-2021-de-la-CCAM.pdf\" target=\"_blank\" rel=\"noopener\">DCM 2022-41 &#8211; Approbation rapport activit\u00e9s et CA 2021 de la CCAM<\/a><\/p>\n<p><a href=\"https:\/\/puissalicon.fr\/wp-content\/uploads\/2022\/07\/DCM-2022-42-renouvellement-convention-mission-DPD-du-CDG34.pdf\" target=\"_blank\" rel=\"noopener\">DCM 2022-42 &#8211; renouvellement convention mission DPD du CDG34<\/a><\/p>\n<p><a href=\"https:\/\/puissalicon.fr\/wp-content\/uploads\/2022\/07\/DCM-2022-43-Recensement-population-2023-Creation-3-emplois-dagents-recenseurs.pdf\" target=\"_blank\" rel=\"noopener\">DCM 2022-43 &#8211; Recensement population 2023 &#8211; Cr\u00e9ation 3 emplois d&rsquo;agents recenseurs<\/a><\/p>\n<p><a href=\"https:\/\/puissalicon.fr\/wp-content\/uploads\/2022\/07\/DCM-2022-44-Recrutement-agent-contractuel-TC-technique-et-agent-contractuel-TNC-20h-ecole.pdf\" target=\"_blank\" rel=\"noopener\">DCM 2022-44 &#8211; Recrutement agent contractuel TC technique et agent contractuel TNC 20h ecole<\/a><\/p>\n<p><a href=\"https:\/\/puissalicon.fr\/wp-content\/uploads\/2022\/07\/DCM-2022-45-Modification-tableau-effectif-communal.pdf\" target=\"_blank\" rel=\"noopener\">DCM 2022-45 &#8211; Modification tableau effectif communal<\/a><\/p>\n<p><a href=\"https:\/\/puissalicon.fr\/wp-content\/uploads\/2022\/07\/DCM-2022-46-Approbation-du-PLU-et-des-PDA.pdf\" target=\"_blank\" rel=\"noopener\">DCM 2022-46 &#8211; Approbation du PLU et des PDA<\/a><\/p>\n<p><a href=\"https:\/\/puissalicon.fr\/wp-content\/uploads\/2022\/07\/DCM-2022-47-Convention-adhesion-medecine-preventive-du-CDG34.pdf\" target=\"_blank\" rel=\"noopener\">DCM 2022-47 &#8211; Convention adhesion m\u00e9decine pr\u00e9ventive du CDG34<\/a><\/p>\n<p>&nbsp;<\/p>\n<h1><strong><u>DECISIONS<\/u><\/strong><\/h1>\n<p><a href=\"https:\/\/puissalicon.fr\/wp-content\/uploads\/2022\/07\/DECISION-2022-20-Contrat-maintenance-et-entretien-ascenseur-cantine-garderie.pdf\" target=\"_blank\" rel=\"noopener\">DECISION 2022-20 &#8211; Contrat maintenance et entretien ascenseur cantine &#8211; garderie<\/a><\/p>\n<p><a href=\"https:\/\/puissalicon.fr\/wp-content\/uploads\/2022\/07\/DECISION-2022-21-Avenant-n\u00b01-lot-n\u00b06-BOURNIQUEL.pdf\" target=\"_blank\" rel=\"noopener\">DECISION 2022-21 &#8211; Avenant n\u00b01 lot n\u00b06 BOURNIQUEL<\/a><\/p>\n<p><a href=\"https:\/\/puissalicon.fr\/wp-content\/uploads\/2022\/07\/DECISION-2022-22-Vente-case-funeraire-DESSY.pdf\" target=\"_blank\" rel=\"noopener\">DECISION 2022-22 &#8211; Vente case funeraire n\u00b011<\/a><\/p>\n<p><a href=\"https:\/\/puissalicon.fr\/wp-content\/uploads\/2022\/07\/DECISION-2022-23-Avenant-n\u00b01-lot-n\u00b07-MARTIN-XAVIER.pdf\" target=\"_blank\" rel=\"noopener\">DECISION 2022-23 &#8211; Avenant n\u00b01 lot n\u00b07 MARTIN XAVIER<\/a><\/p>\n<p><a href=\"https:\/\/puissalicon.fr\/wp-content\/uploads\/2022\/07\/DECISION-2022-24-Vente-concession-de-terrain-n\u00b032-carre-n\u00b02.pdf\" target=\"_blank\" rel=\"noopener\">DECISION 2022-24 &#8211; Vente concession de terrain n\u00b032 &#8211; carr\u00e9 n\u00b02<\/a><\/p>\n<p><a href=\"https:\/\/puissalicon.fr\/wp-content\/uploads\/2022\/07\/DECISION-2022-25-Contrat-verifications-reglementaires-installations-et-equipements-DEKRA.pdf\" target=\"_blank\" rel=\"noopener\">DECISION 2022-25 &#8211; Contrat verifications reglementaires &#8211; installations et equipements DEKRA<\/a><\/p>\n<p><a href=\"https:\/\/puissalicon.fr\/wp-content\/uploads\/2022\/07\/DECISION-2022-26-Bail-professionnel-RDL-Insertion.pdf\" target=\"_blank\" rel=\"noopener\">DECISION 2022-26 &#8211; Bail professionnel RDL Insertion<\/a><\/p>\n<p><a href=\"https:\/\/puissalicon.fr\/wp-content\/uploads\/2022\/07\/DECISION-2022-27-Approbation-devis-travaux-rehausse-pont-des-3-yeux-JASKOFER.pdf\" target=\"_blank\" rel=\"noopener\">DECISION 2022-27 &#8211; Approbation devis travaux rehausse pont des 3 yeux JASKOFER<\/a><\/p>\n<p><a href=\"https:\/\/puissalicon.fr\/wp-content\/uploads\/2022\/07\/DECISION-2022-28-Contrat-de-prestations-de-services-SACPA-pour-regulation-de-colonie-de-pigeons.pdf\" target=\"_blank\" rel=\"noopener\">DECISION 2022-28 &#8211; Contrat de prestations de services SACPA pour r\u00e9gulation de colonie de pigeons<\/a><\/p>\n<p><a href=\"https:\/\/puissalicon.fr\/wp-content\/uploads\/2022\/07\/DECISION-2022-29-Depot-permis-damenager-parking-chateau-deau.pdf\" target=\"_blank\" rel=\"noopener\">DECISION 2022-29 &#8211; Depot permis d&rsquo;amenager parking chateau d&rsquo;eau<\/a><\/p>\n<p><a href=\"https:\/\/puissalicon.fr\/wp-content\/uploads\/2022\/07\/DECISION-2022-30-Avenant-convention-fourriere-automobiles-SARL-AACCR-CARLES.pdf\" target=\"_blank\" rel=\"noopener\">DECISION 2022-30 &#8211; Avenant convention fourri\u00e8re automobiles SARL AACCR CARLES<\/a><\/p>\n<p><a href=\"https:\/\/puissalicon.fr\/wp-content\/uploads\/2022\/07\/DECISION-2022-31-\u2013-Avenant-n\u00b02-lot-n\u00b03-ANDREO-CARRELAGE.pdf\" target=\"_blank\" rel=\"noopener\">DECISION 2022-31 \u2013 Avenant n\u00b02 lot n\u00b03 ANDREO CARRELAGE<\/a><\/p>\n<p><a href=\"https:\/\/puissalicon.fr\/wp-content\/uploads\/2022\/07\/DECISION-2022-32-Contrat-GED-M-FILES-Elit-solutions.pdf\" target=\"_blank\" rel=\"noopener\">DECISION 2022-32 &#8211; Contrat GED M-FILES Elit solutions<\/a><\/p>\n<p><a href=\"https:\/\/puissalicon.fr\/wp-content\/uploads\/2022\/07\/DECISION-2022-33-Installation-PAC-reversibles-classes-ecole-primaire.pdf\" target=\"_blank\" rel=\"noopener\">DECISION 2022-33 &#8211; Installation PAC r\u00e9versibles classes \u00e9cole primaire<\/a><\/p>\n<p><a href=\"https:\/\/puissalicon.fr\/wp-content\/uploads\/2022\/07\/DECISION-2022-34-Approbation-devis-travaux-creation-parking-chateau-d-eau-COLAS.pdf\" target=\"_blank\" rel=\"noopener\">DECISION 2022-34 &#8211; Approbation devis travaux creation parking ch\u00e2teau d eau COLAS<\/a><\/p>\n","protected":false},"excerpt":{"rendered":"<p>Depuis le 1 juillet 2022, les r\u00e8gles d&rsquo;entr\u00e9e en vigueur des actes pris par les collectivit\u00e9s sont modifi\u00e9es par l&rsquo;ordonnance n\u00b02021-1310 du 7 octobre 2021 et le d\u00e9cret n\u00b02021-1311 du 7 octobre 2021.\u00a0Pour \u00eatre port\u00e9s \u00e0 la connaissance du public, les actes r\u00e8glementaires font d\u00e9sormais l&rsquo;objet d&rsquo;une publication sous forme \u00e9lectronique sur le site internet [&hellip;]<\/p>\n","protected":false},"author":10,"featured_media":8796,"comment_status":"closed","ping_status":"closed","sticky":false,"template":"","format":"standard","meta":{"footnotes":""},"categories":[13,2],"tags":[],"class_list":["post-8789","post","type-post","status-publish","format-standard","has-post-thumbnail","hentry","category-actes_reglementaires_de_la_collectivite","category-actualites"],"post_mailing_queue_ids":[],"_links":{"self":[{"href":"https:\/\/puissalicon.fr\/index.php\/wp-json\/wp\/v2\/posts\/8789","targetHints":{"allow":["GET"]}}],"collection":[{"href":"https:\/\/puissalicon.fr\/index.php\/wp-json\/wp\/v2\/posts"}],"about":[{"href":"https:\/\/puissalicon.fr\/index.php\/wp-json\/wp\/v2\/types\/post"}],"author":[{"embeddable":true,"href":"https:\/\/puissalicon.fr\/index.php\/wp-json\/wp\/v2\/users\/10"}],"replies":[{"embeddable":true,"href":"https:\/\/puissalicon.fr\/index.php\/wp-json\/wp\/v2\/comments?post=8789"}],"version-history":[{"count":67,"href":"https:\/\/puissalicon.fr\/index.php\/wp-json\/wp\/v2\/posts\/8789\/revisions"}],"predecessor-version":[{"id":11432,"href":"https:\/\/puissalicon.fr\/index.php\/wp-json\/wp\/v2\/posts\/8789\/revisions\/11432"}],"wp:featuredmedia":[{"embeddable":true,"href":"https:\/\/puissalicon.fr\/index.php\/wp-json\/wp\/v2\/media\/8796"}],"wp:attachment":[{"href":"https:\/\/puissalicon.fr\/index.php\/wp-json\/wp\/v2\/media?parent=8789"}],"wp:term":[{"taxonomy":"category","embeddable":true,"href":"https:\/\/puissalicon.fr\/index.php\/wp-json\/wp\/v2\/categories?post=8789"},{"taxonomy":"post_tag","embeddable":true,"href":"https:\/\/puissalicon.fr\/index.php\/wp-json\/wp\/v2\/tags?post=8789"}],"curies":[{"name":"wp","href":"https:\/\/api.w.org\/{rel}","templated":true}]}}