{"id":7951,"date":"2021-07-12T15:49:21","date_gmt":"2021-07-12T13:49:21","guid":{"rendered":"https:\/\/puissalicon.fr\/?p=7951"},"modified":"2021-07-12T15:50:35","modified_gmt":"2021-07-12T13:50:35","slug":"offre-de-mission-service-civique-ecole-primaire-de-puissalicon","status":"publish","type":"post","link":"https:\/\/puissalicon.fr\/index.php\/2021\/07\/12\/offre-de-mission-service-civique-ecole-primaire-de-puissalicon\/","title":{"rendered":"Offre de mission &#8211; service civique &#8211; \u00e9cole primaire de Puissalicon"},"content":{"rendered":"<p><a href=\"https:\/\/puissalicon.fr\/wp-content\/uploads\/2021\/07\/Image-Offre-SC-1.png\" target=\"_blank\" rel=\"noopener\"><img loading=\"lazy\" decoding=\"async\" class=\"alignnone wp-image-7952 size-medium\" src=\"https:\/\/puissalicon.fr\/wp-content\/uploads\/2021\/07\/Image-Offre-SC-1-300x159.png\" alt=\"\" width=\"300\" height=\"159\" srcset=\"https:\/\/puissalicon.fr\/wp-content\/uploads\/2021\/07\/Image-Offre-SC-1-300x159.png 300w, https:\/\/puissalicon.fr\/wp-content\/uploads\/2021\/07\/Image-Offre-SC-1-768x407.png 768w, https:\/\/puissalicon.fr\/wp-content\/uploads\/2021\/07\/Image-Offre-SC-1.png 850w\" sizes=\"auto, (max-width: 300px) 100vw, 300px\" \/><\/a><\/p>\n<p>L\u2019\u00e9cole primaire de Puissalicon <strong>recherche une personne (H\/F) int\u00e9ress\u00e9e pour une mission de service civique<\/strong> d\u2019une dur\u00e9e hebdomadaire de <strong>30h<\/strong> les semaines de classe (pas le mercredi ni pendant les vacances scolaires) et qui consiste \u00e0 participer \u00e0 l&rsquo;accueil des enfants, \u00e0 contribuer \u00e0 l&rsquo;organisation de l&rsquo;espace de la classe, \u00e0 l&rsquo;organisation et \u00e0 l&rsquo;animation des f\u00eates d&rsquo;\u00e9cole, \u00e0 accompagner les sorties scolaires, \u00e0 assister les enseignants pendant les temps de classe et notamment lors des activit\u00e9s sportives, artistiques, scientifiques, \u00e0 pr\u00e9parer le mat\u00e9riel n\u00e9cessaire \u00e0 l&rsquo;activit\u00e9 puis \u00e0 la remise en \u00e9tat des locaux et du mat\u00e9riel, \u00e0 accompagner l&rsquo;activit\u00e9 d&rsquo;un petit groupe et \u00e0 aider les \u00e9coliers dans les activit\u00e9s.<\/p>\n<p>Le Service Civique s&rsquo;adresse aux <strong>jeunes de 16 \u00e0 25 ans<\/strong>.<\/p>\n<p>Les personnes int\u00e9ress\u00e9es peuvent contacter directement le nouveau directeur de l&rsquo;\u00e9cole :<\/p>\n<p><strong>Cyril Dubel\u00a0 \/\u00a0 <\/strong><span style=\"color: #0000ff;\"><a style=\"color: #0000ff;\" href=\"mailto:Cyril.Dubel@ac-montpellier.fr\" target=\"_blank\" rel=\"noopener\">Cyril.Dubel@ac-montpellier.fr<\/a><\/span>\u00a0 \/\u00a0 <strong>06.59.84.36.32<\/strong><\/p>\n<p><a href=\"https:\/\/puissalicon.fr\/wp-content\/uploads\/2021\/07\/Offre-de-mission-Ecole-Primaire-Puissalicon.pdf\" target=\"_blank\" rel=\"noopener\">Offre de mission Ecole Primaire Puissalicon<\/a><\/p>\n<p><a href=\"https:\/\/puissalicon.fr\/wp-content\/uploads\/2021\/07\/Offre-de-mission-Ecole-Primaire-Puissalicon-scaled.jpg\" target=\"_blank\" rel=\"noopener\"><img loading=\"lazy\" decoding=\"async\" class=\"alignnone wp-image-7953 size-full\" src=\"https:\/\/puissalicon.fr\/wp-content\/uploads\/2021\/07\/Offre-de-mission-Ecole-Primaire-Puissalicon-scaled.jpg\" alt=\"\" width=\"1810\" height=\"2560\" srcset=\"https:\/\/puissalicon.fr\/wp-content\/uploads\/2021\/07\/Offre-de-mission-Ecole-Primaire-Puissalicon-scaled.jpg 1810w, https:\/\/puissalicon.fr\/wp-content\/uploads\/2021\/07\/Offre-de-mission-Ecole-Primaire-Puissalicon-212x300.jpg 212w, https:\/\/puissalicon.fr\/wp-content\/uploads\/2021\/07\/Offre-de-mission-Ecole-Primaire-Puissalicon-724x1024.jpg 724w, https:\/\/puissalicon.fr\/wp-content\/uploads\/2021\/07\/Offre-de-mission-Ecole-Primaire-Puissalicon-768x1086.jpg 768w, https:\/\/puissalicon.fr\/wp-content\/uploads\/2021\/07\/Offre-de-mission-Ecole-Primaire-Puissalicon-1086x1536.jpg 1086w, https:\/\/puissalicon.fr\/wp-content\/uploads\/2021\/07\/Offre-de-mission-Ecole-Primaire-Puissalicon-1448x2048.jpg 1448w\" sizes=\"auto, (max-width: 1810px) 100vw, 1810px\" \/><\/a><\/p>\n<p>&nbsp;<\/p>\n","protected":false},"excerpt":{"rendered":"<p>L\u2019\u00e9cole primaire de Puissalicon recherche une personne (H\/F) int\u00e9ress\u00e9e pour une mission de service civique d\u2019une dur\u00e9e hebdomadaire de 30h les semaines de classe (pas le mercredi ni pendant les vacances scolaires) et qui consiste \u00e0 participer \u00e0 l&rsquo;accueil des enfants, \u00e0 contribuer \u00e0 l&rsquo;organisation de l&rsquo;espace de la classe, \u00e0 l&rsquo;organisation et \u00e0 l&rsquo;animation [&hellip;]<\/p>\n","protected":false},"author":10,"featured_media":7952,"comment_status":"closed","ping_status":"closed","sticky":false,"template":"","format":"standard","meta":{"footnotes":""},"categories":[2,24],"tags":[],"class_list":["post-7951","post","type-post","status-publish","format-standard","has-post-thumbnail","hentry","category-actualites","category-ecoles"],"post_mailing_queue_ids":[],"_links":{"self":[{"href":"https:\/\/puissalicon.fr\/index.php\/wp-json\/wp\/v2\/posts\/7951","targetHints":{"allow":["GET"]}}],"collection":[{"href":"https:\/\/puissalicon.fr\/index.php\/wp-json\/wp\/v2\/posts"}],"about":[{"href":"https:\/\/puissalicon.fr\/index.php\/wp-json\/wp\/v2\/types\/post"}],"author":[{"embeddable":true,"href":"https:\/\/puissalicon.fr\/index.php\/wp-json\/wp\/v2\/users\/10"}],"replies":[{"embeddable":true,"href":"https:\/\/puissalicon.fr\/index.php\/wp-json\/wp\/v2\/comments?post=7951"}],"version-history":[{"count":5,"href":"https:\/\/puissalicon.fr\/index.php\/wp-json\/wp\/v2\/posts\/7951\/revisions"}],"predecessor-version":[{"id":7960,"href":"https:\/\/puissalicon.fr\/index.php\/wp-json\/wp\/v2\/posts\/7951\/revisions\/7960"}],"wp:featuredmedia":[{"embeddable":true,"href":"https:\/\/puissalicon.fr\/index.php\/wp-json\/wp\/v2\/media\/7952"}],"wp:attachment":[{"href":"https:\/\/puissalicon.fr\/index.php\/wp-json\/wp\/v2\/media?parent=7951"}],"wp:term":[{"taxonomy":"category","embeddable":true,"href":"https:\/\/puissalicon.fr\/index.php\/wp-json\/wp\/v2\/categories?post=7951"},{"taxonomy":"post_tag","embeddable":true,"href":"https:\/\/puissalicon.fr\/index.php\/wp-json\/wp\/v2\/tags?post=7951"}],"curies":[{"name":"wp","href":"https:\/\/api.w.org\/{rel}","templated":true}]}}