{"id":6796,"date":"2020-06-11T13:46:42","date_gmt":"2020-06-11T11:46:42","guid":{"rendered":"https:\/\/puissalicon.fr\/?p=6796"},"modified":"2023-12-01T10:21:07","modified_gmt":"2023-12-01T09:21:07","slug":"arretes-de-delegation-de-fonctions-aux-adjoints-et-conseillers-municipaux-02-06-2020","status":"publish","type":"post","link":"https:\/\/puissalicon.fr\/index.php\/2020\/06\/11\/arretes-de-delegation-de-fonctions-aux-adjoints-et-conseillers-municipaux-02-06-2020\/","title":{"rendered":"Arr\u00eat\u00e9s de d\u00e9l\u00e9gations de fonctions aux adjoints et conseillers municipaux"},"content":{"rendered":"<hr \/>\n<p><strong>ARRETE 2023-205 <\/strong><strong>D\u00e9l\u00e9gation de fonctions \u00e0 <\/strong><strong>Monsieur<\/strong> <strong>FERRE Gerard<\/strong><strong>, <\/strong><strong>1er adjoint au maire<\/strong><\/p>\n<ul>\n<li>Services techniques, mat\u00e9riels<\/li>\n<li>B\u00e2timents communaux<\/li>\n<li>Cimeti\u00e8re<\/li>\n<li>Travaux, r\u00e9seaux et voirie<\/li>\n<li>Urbanisme et environnement\n<ul>\n<li>Instruction et d\u00e9livrance des autorisations d&rsquo;occupation des sols<\/li>\n<li>Signer les courriers de majoration du d\u00e9lai d\u2019instruction<\/li>\n<li>Signer les courriers de demandes de pi\u00e8ces compl\u00e9mentaires<\/li>\n<li>Signer les avis maire<\/li>\n<li>Signer les attestations de risque incendie<\/li>\n<li>Signer les arr\u00eat\u00e9s favorables et d\u00e9favorables relatifs aux demandes d\u2019autorisations d\u2019occupation des sols<\/li>\n<li>Signer les bordereaux d\u2019envoi et les certificats d\u2019affichage<\/li>\n<li>Signer les actes pr\u00e9paratifs aux commissions de s\u00e9curit\u00e9 ERP<\/li>\n<li>Signer les dossiers class\u00e9s sans suite et les dossiers d\u00e9clar\u00e9s irrecevables<\/li>\n<li>Signer les courriers d\u2019attestation de non-contestation de conformit\u00e9<\/li>\n<li>Signer les autorisations de travaux et les courriers y aff\u00e9rent<\/li>\n<li>Signer les permis de construire valant autorisation de travaux au titre des ERP<\/li>\n<li>L\u2019exercice du droit de pr\u00e9emption<\/li>\n<li>Les courriers aff\u00e9rents aux domaines de l\u2019urbanisme et du foncier<\/li>\n<li>Les demandes individuelles de retrait de permis de construire en cours d\u2019instruction<\/li>\n<li>Les certificats d\u2019urbanisme<\/li>\n<li>Les courriers de transmission de PV aux services du Procureur de la R\u00e9publique<\/li>\n<li>Signer les autorisations pr\u00e9alables d\u2019enseigne (favorables ou d\u00e9favorables) et tout document aff\u00e9rent, les courriers de manque de pi\u00e8ces, et autres courriers, notamment les courriers pour les dossiers d\u00e9clar\u00e9s sans suite et\/ou irrecevables<\/li>\n<li>Signer tous les documents aff\u00e9rents aux publicit\u00e9s et pr\u00e9 enseignes<\/li>\n<li>Signer les arr\u00eat\u00e9s de mise en demeure et de mise en recouvrement aff\u00e9rents aux publicit\u00e9s et pr\u00e9 enseignes<\/li>\n<\/ul>\n<\/li>\n<li>Gestion du personnel municipal\n<ul>\n<li>Signer les arr\u00eat\u00e9s d\u2019avancement d\u2019\u00e9chelon et d\u2019avancement de grade<\/li>\n<li>Signer les arr\u00eat\u00e9s de nomination, de mutation et de radiation des effectifs<\/li>\n<li>Signer les arr\u00eat\u00e9s relatifs aux cong\u00e9s de maladie<\/li>\n<li>Signer les arr\u00eat\u00e9s relatifs au passage en demi-traitement en cas de maladie<\/li>\n<li>Signer les arr\u00eat\u00e9s relatifs au r\u00e9gime indemnitaire<\/li>\n<li>Signer les arr\u00eat\u00e9s portant mise en \u0153uvre de la protection fonctionnelle<\/li>\n<li>Signer les arr\u00eat\u00e9s portant sanction disciplinaire<\/li>\n<li>Signer les documents relatifs aux cong\u00e9s de maladie et accident de services<\/li>\n<li>Signer les notes de service<\/li>\n<li>Signer les formulaires de paiement des frais de d\u00e9placement<\/li>\n<li>Signer les courriers aux agents \u00e0 caract\u00e8re statutaire<\/li>\n<\/ul>\n<\/li>\n<li>Assurances\n<ul>\n<li>Effectuer les d\u00e9clarations de sinistre, envoyer les rapports ou constats<\/li>\n<li>Demander et convoquer les expertises<\/li>\n<li>Signer les correspondances avec l\u2019assureur notamment les pi\u00e8ces compl\u00e9mentaires<\/li>\n<li>R\u00e8glement imm\u00e9diat ou diff\u00e9r\u00e9 pr\u00e9judice<\/li>\n<li>Signer les correspondances avec les sinistr\u00e9s et celles li\u00e9es au contrat d\u2019assistance<\/li>\n<li>G\u00e9rer les dossiers Catastrophes naturelles<\/li>\n<\/ul>\n<\/li>\n<li>Repr\u00e9sentation de Monsieur le Maire\n<ul>\n<li>aux commissions d\u2019arrondissement<\/li>\n<li>aux commissions de s\u00e9curit\u00e9<\/li>\n<li>aux commissions d\u2019accessibilit\u00e9 des personnes \u00e0 mobilit\u00e9 r\u00e9duite<\/li>\n<\/ul>\n<\/li>\n<\/ul>\n<p><a href=\"https:\/\/puissalicon.fr\/wp-content\/uploads\/2023\/01\/ARRETE-2023-205-Delegation-fonctions-FERRE-Gerard-1er-adjoint-au-maire.pdf\" target=\"_blank\" rel=\"noopener\">ARRETE 2023-205 Delegation fonctions FERRE Gerard 1er adjoint au maire<\/a><\/p>\n<hr \/>\n<p><strong>Arr\u00eat\u00e9 n\u00b0 <\/strong><strong>2020<\/strong><strong>&#8211;<\/strong><strong>71\u00a0<\/strong><strong>D\u00e9l\u00e9gation de fonctions \u00e0 <\/strong><strong>Madame<\/strong> <strong>LORENTE Marie<\/strong><strong>, <\/strong><strong>2eme adjoint au maire<\/strong><\/p>\n<ul>\n<li>Finances communales<\/li>\n<li>Budget<\/li>\n<li>March\u00e9s publics<\/li>\n<\/ul>\n<p><a href=\"https:\/\/puissalicon.fr\/wp-content\/uploads\/2020\/06\/Arrete-2020-71-delegation-de-fonctions-LORENTE-Marie-2eme-adjoint-au-maire-ID-116740.pdf\" target=\"_blank\" rel=\"noopener noreferrer\">Arrete 2020-71 delegation de fonctions LORENTE Marie 2eme adjoint au maire (ID 116740)<\/a><\/p>\n<hr \/>\n<p><strong>Arr\u00eat\u00e9 n\u00b0 <\/strong><strong>2020<\/strong><strong>&#8211;<\/strong><strong>72\u00a0<\/strong><strong>D\u00e9l\u00e9gation de fonctions \u00e0 <\/strong><strong>Monsieur<\/strong> <strong>BLANCOU Hubert<\/strong><strong>, <\/strong><strong>3eme adjoint au maire<\/strong><\/p>\n<ul>\n<li>M\u00e9diath\u00e8que<\/li>\n<li>Patrimoine<\/li>\n<li>Affaires culturelles<\/li>\n<li>Affaires sociales<\/li>\n<\/ul>\n<p><a href=\"https:\/\/puissalicon.fr\/wp-content\/uploads\/2020\/06\/Arrete-2020-72-delegation-de-fonctions-BLANCOU-Hubert-3eme-adjoint-au-maire-ID-116741.pdf\" target=\"_blank\" rel=\"noopener noreferrer\">Arrete 2020-72 delegation de fonctions BLANCOU Hubert 3eme adjoint au maire (ID 116741)<\/a><\/p>\n<hr \/>\n<p><strong>Arr\u00eat\u00e9 n\u00b0 <\/strong><strong>2020<\/strong><strong>&#8211;<\/strong><strong>73\u00a0<\/strong><strong>D\u00e9l\u00e9gation de fonctions \u00e0 <\/strong><strong>Madame<\/strong> <strong>MATHIEU Marjorie<\/strong><strong>, <\/strong><strong>4eme adjoint au maire<\/strong><\/p>\n<ul>\n<li>Ecole<\/li>\n<li>Jeunesse<\/li>\n<li>Petite enfance<\/li>\n<\/ul>\n<p><a href=\"https:\/\/puissalicon.fr\/wp-content\/uploads\/2020\/06\/Arrete-2020-73-delegation-de-fonctions-MATHIEU-Marjorie-4eme-adjoint-au-maire-ID-116742.pdf\" target=\"_blank\" rel=\"noopener noreferrer\">Arrete 2020-73 delegation de fonctions MATHIEU Marjorie 4eme adjoint au maire (ID 116742)<\/a><\/p>\n<hr \/>\n<p><strong>Arr\u00eat\u00e9 n\u00b0 <\/strong><strong>2020<\/strong><strong>&#8211;<\/strong><strong>74\u00a0<\/strong><strong>D\u00e9l\u00e9gation de fonctions \u00e0 <\/strong><strong>Madame<\/strong> <strong>GAU Rose-Marie<\/strong><strong>, <\/strong><strong>Conseill\u00e8re municipale d\u00e9l\u00e9gu\u00e9e<\/strong><\/p>\n<ul>\n<li>Associations<\/li>\n<li>Affaires sportives<\/li>\n<li>Festivit\u00e9s<\/li>\n<li>R\u00e9ceptions<\/li>\n<\/ul>\n<p><a href=\"https:\/\/puissalicon.fr\/wp-content\/uploads\/2020\/06\/Arrete-2020-74-delegation-de-fonctions-GAU-Rose-Marie-conseiller-municipal-d\u00e9l\u00e9gu\u00e9-ID-116743.pdf\" target=\"_blank\" rel=\"noopener noreferrer\">Arrete 2020-74 delegation de fonctions GAU Rose-Marie conseiller municipal d\u00e9l\u00e9gu\u00e9 (ID 116743)<\/a><\/p>\n<hr \/>\n<p><strong>Arr\u00eat\u00e9 n\u00b0 <\/strong><strong>2020<\/strong><strong>&#8211;<\/strong><strong>75\u00a0<\/strong><strong>D\u00e9l\u00e9gation de fonctions \u00e0 <\/strong><strong>Monsieur<\/strong> <strong>KUTTEN Michel<\/strong><strong>, <\/strong><strong>Conseiller municipal d\u00e9l\u00e9gu\u00e9<\/strong><\/p>\n<ul>\n<li>Police<\/li>\n<li>S\u00e9curit\u00e9<\/li>\n<li>Communication<\/li>\n<\/ul>\n<p><a href=\"https:\/\/puissalicon.fr\/wp-content\/uploads\/2020\/06\/Arrete-2020-75-delegation-de-fonctions-KUTTEN-Michel-conseiller-municipal-d\u00e9l\u00e9gu\u00e9-ID-116744.pdf\" target=\"_blank\" rel=\"noopener noreferrer\">Arrete 2020-75 delegation de fonctions KUTTEN Michel conseiller municipal d\u00e9l\u00e9gu\u00e9 (ID 116744)<\/a><\/p>\n<hr \/>\n<p>&nbsp;<\/p>\n","protected":false},"excerpt":{"rendered":"<p>ARRETE 2023-205 D\u00e9l\u00e9gation de fonctions \u00e0 Monsieur FERRE Gerard, 1er adjoint au maire Services techniques, mat\u00e9riels B\u00e2timents communaux Cimeti\u00e8re Travaux, r\u00e9seaux et voirie Urbanisme et environnement Instruction et d\u00e9livrance des autorisations d&rsquo;occupation des sols Signer les courriers de majoration du d\u00e9lai d\u2019instruction Signer les courriers de demandes de pi\u00e8ces compl\u00e9mentaires Signer les avis maire Signer [&hellip;]<\/p>\n","protected":false},"author":10,"featured_media":6805,"comment_status":"closed","ping_status":"closed","sticky":false,"template":"","format":"standard","meta":{"footnotes":""},"categories":[13,2],"tags":[],"class_list":["post-6796","post","type-post","status-publish","format-standard","has-post-thumbnail","hentry","category-actes_reglementaires_de_la_collectivite","category-actualites"],"post_mailing_queue_ids":[],"_links":{"self":[{"href":"https:\/\/puissalicon.fr\/index.php\/wp-json\/wp\/v2\/posts\/6796","targetHints":{"allow":["GET"]}}],"collection":[{"href":"https:\/\/puissalicon.fr\/index.php\/wp-json\/wp\/v2\/posts"}],"about":[{"href":"https:\/\/puissalicon.fr\/index.php\/wp-json\/wp\/v2\/types\/post"}],"author":[{"embeddable":true,"href":"https:\/\/puissalicon.fr\/index.php\/wp-json\/wp\/v2\/users\/10"}],"replies":[{"embeddable":true,"href":"https:\/\/puissalicon.fr\/index.php\/wp-json\/wp\/v2\/comments?post=6796"}],"version-history":[{"count":7,"href":"https:\/\/puissalicon.fr\/index.php\/wp-json\/wp\/v2\/posts\/6796\/revisions"}],"predecessor-version":[{"id":10389,"href":"https:\/\/puissalicon.fr\/index.php\/wp-json\/wp\/v2\/posts\/6796\/revisions\/10389"}],"wp:featuredmedia":[{"embeddable":true,"href":"https:\/\/puissalicon.fr\/index.php\/wp-json\/wp\/v2\/media\/6805"}],"wp:attachment":[{"href":"https:\/\/puissalicon.fr\/index.php\/wp-json\/wp\/v2\/media?parent=6796"}],"wp:term":[{"taxonomy":"category","embeddable":true,"href":"https:\/\/puissalicon.fr\/index.php\/wp-json\/wp\/v2\/categories?post=6796"},{"taxonomy":"post_tag","embeddable":true,"href":"https:\/\/puissalicon.fr\/index.php\/wp-json\/wp\/v2\/tags?post=6796"}],"curies":[{"name":"wp","href":"https:\/\/api.w.org\/{rel}","templated":true}]}}