{"id":3698,"date":"2017-03-17T08:38:48","date_gmt":"2017-03-17T08:38:48","guid":{"rendered":"http:\/\/www.puissalicon.fr\/?p=3698"},"modified":"2017-03-17T08:38:48","modified_gmt":"2017-03-17T08:38:48","slug":"exposition-a-loffice-de-tourisme-communautaire-les-avants-monts","status":"publish","type":"post","link":"https:\/\/puissalicon.fr\/index.php\/2017\/03\/17\/exposition-a-loffice-de-tourisme-communautaire-les-avants-monts\/","title":{"rendered":"Exposition \u00e0 l&rsquo;Office de Tourisme Communautaire \u00a0\u00bb Les Avants Monts \u00ab\u00a0"},"content":{"rendered":"<p><span style=\"font-size: 14pt;\">La Communaut\u00e9 de Communes et l&rsquo;Office de Tourisme Communautaire \u00a0\u00bb Les Avants Monts \u00a0\u00bb vous invitent \u00e0 d\u00e9couvrir la nouvelle exposition<\/span><\/p>\n<p>&nbsp;<\/p>\n<p style=\"text-align: center;\"><strong><span style=\"font-size: 14pt;\">\u00a0\u00bb Mains, Mati\u00e8res et Couleurs \u00ab\u00a0,<\/span><\/strong><\/p>\n<p style=\"text-align: center;\"><strong><span style=\"font-size: 14pt;\">Du samedi 1er au samedi 29 avril 2017.<\/span><\/strong><\/p>\n<p style=\"text-align: center;\">\n<p style=\"text-align: center;\"><strong><span style=\"font-size: 14pt;\">\u00a0\u00bb Les Frasques de la Nature en \u00e9moi \u00ab\u00a0,<\/span><\/strong><\/p>\n<p style=\"text-align: center;\"><strong><span style=\"font-size: 14pt;\">de Patrick Souverain, photographe.<\/span><\/strong><\/p>\n<p style=\"text-align: left;\">\n<p style=\"text-align: left;\"><span style=\"font-size: 14pt;\">Catherine Roque pr\u00e9sentera les vins du Mas d&rsquo;Alezon lors du vernissage le vendredi 7 avril, \u00e0 l&rsquo;Espace Vins et Campanes \u00e0 partir de 18H30.<\/span><\/p>\n","protected":false},"excerpt":{"rendered":"<p>La Communaut\u00e9 de Communes et l&rsquo;Office de Tourisme Communautaire \u00a0\u00bb Les Avants Monts \u00a0\u00bb vous invitent \u00e0 d\u00e9couvrir la nouvelle exposition &nbsp; \u00a0\u00bb Mains, Mati\u00e8res et Couleurs \u00ab\u00a0, Du samedi 1er au samedi 29 avril 2017. \u00a0\u00bb Les Frasques de la Nature en \u00e9moi \u00ab\u00a0, de Patrick Souverain, photographe. Catherine Roque pr\u00e9sentera les vins du [&hellip;]<\/p>\n","protected":false},"author":2,"featured_media":3699,"comment_status":"closed","ping_status":"closed","sticky":false,"template":"","format":"standard","meta":{"footnotes":""},"categories":[2],"tags":[],"class_list":["post-3698","post","type-post","status-publish","format-standard","has-post-thumbnail","hentry","category-actualites"],"post_mailing_queue_ids":[],"_links":{"self":[{"href":"https:\/\/puissalicon.fr\/index.php\/wp-json\/wp\/v2\/posts\/3698","targetHints":{"allow":["GET"]}}],"collection":[{"href":"https:\/\/puissalicon.fr\/index.php\/wp-json\/wp\/v2\/posts"}],"about":[{"href":"https:\/\/puissalicon.fr\/index.php\/wp-json\/wp\/v2\/types\/post"}],"author":[{"embeddable":true,"href":"https:\/\/puissalicon.fr\/index.php\/wp-json\/wp\/v2\/users\/2"}],"replies":[{"embeddable":true,"href":"https:\/\/puissalicon.fr\/index.php\/wp-json\/wp\/v2\/comments?post=3698"}],"version-history":[{"count":0,"href":"https:\/\/puissalicon.fr\/index.php\/wp-json\/wp\/v2\/posts\/3698\/revisions"}],"wp:featuredmedia":[{"embeddable":true,"href":"https:\/\/puissalicon.fr\/index.php\/wp-json\/"}],"wp:attachment":[{"href":"https:\/\/puissalicon.fr\/index.php\/wp-json\/wp\/v2\/media?parent=3698"}],"wp:term":[{"taxonomy":"category","embeddable":true,"href":"https:\/\/puissalicon.fr\/index.php\/wp-json\/wp\/v2\/categories?post=3698"},{"taxonomy":"post_tag","embeddable":true,"href":"https:\/\/puissalicon.fr\/index.php\/wp-json\/wp\/v2\/tags?post=3698"}],"curies":[{"name":"wp","href":"https:\/\/api.w.org\/{rel}","templated":true}]}}