{"id":3690,"date":"2017-03-16T09:26:02","date_gmt":"2017-03-16T09:26:02","guid":{"rendered":"http:\/\/www.puissalicon.fr\/?p=3690"},"modified":"2017-03-16T09:26:02","modified_gmt":"2017-03-16T09:26:02","slug":"commemoration-du-19-mars-1962","status":"publish","type":"post","link":"https:\/\/puissalicon.fr\/index.php\/2017\/03\/16\/commemoration-du-19-mars-1962\/","title":{"rendered":"Comm\u00e9moration du 19 mars 1962"},"content":{"rendered":"<p style=\"text-align: center;\"><span style=\"font-size: 18pt;\"><strong>Michel FARENC<\/strong><\/span><\/p>\n<p style=\"text-align: center;\"><span style=\"font-size: 18pt;\">Maire de Puissalicon<\/span><\/p>\n<p style=\"text-align: center;\"><span style=\"font-size: 18pt;\">et son Conseil Municipal<\/span><\/p>\n<p style=\"text-align: center;\">\n<p style=\"text-align: center;\"><span style=\"font-size: 18pt;\">ont l\u2019honneur de vous inviter<\/span><\/p>\n<p style=\"text-align: center;\">\n<p style=\"text-align: center;\"><span style=\"font-size: 18pt;\"><strong>au 55<sup>\u00e8me<\/sup> anniversaire du cessez le feu en Alg\u00e9rie,<\/strong><\/span><\/p>\n<p style=\"text-align: center;\"><span style=\"font-size: 18pt;\"><strong>qui aura lieu le dimanche 19 mars 2017 \u00e0 17H45, sur la place du 19 mars 1962.<\/strong><\/span><\/p>\n","protected":false},"excerpt":{"rendered":"<p>Michel FARENC Maire de Puissalicon et son Conseil Municipal ont l\u2019honneur de vous inviter au 55\u00e8me anniversaire du cessez le feu en Alg\u00e9rie, qui aura lieu le dimanche 19 mars 2017 \u00e0 17H45, sur la place du 19 mars 1962.<\/p>\n","protected":false},"author":2,"featured_media":3691,"comment_status":"closed","ping_status":"closed","sticky":false,"template":"","format":"standard","meta":{"footnotes":""},"categories":[2],"tags":[],"class_list":["post-3690","post","type-post","status-publish","format-standard","has-post-thumbnail","hentry","category-actualites"],"post_mailing_queue_ids":[],"_links":{"self":[{"href":"https:\/\/puissalicon.fr\/index.php\/wp-json\/wp\/v2\/posts\/3690","targetHints":{"allow":["GET"]}}],"collection":[{"href":"https:\/\/puissalicon.fr\/index.php\/wp-json\/wp\/v2\/posts"}],"about":[{"href":"https:\/\/puissalicon.fr\/index.php\/wp-json\/wp\/v2\/types\/post"}],"author":[{"embeddable":true,"href":"https:\/\/puissalicon.fr\/index.php\/wp-json\/wp\/v2\/users\/2"}],"replies":[{"embeddable":true,"href":"https:\/\/puissalicon.fr\/index.php\/wp-json\/wp\/v2\/comments?post=3690"}],"version-history":[{"count":0,"href":"https:\/\/puissalicon.fr\/index.php\/wp-json\/wp\/v2\/posts\/3690\/revisions"}],"wp:featuredmedia":[{"embeddable":true,"href":"https:\/\/puissalicon.fr\/index.php\/wp-json\/"}],"wp:attachment":[{"href":"https:\/\/puissalicon.fr\/index.php\/wp-json\/wp\/v2\/media?parent=3690"}],"wp:term":[{"taxonomy":"category","embeddable":true,"href":"https:\/\/puissalicon.fr\/index.php\/wp-json\/wp\/v2\/categories?post=3690"},{"taxonomy":"post_tag","embeddable":true,"href":"https:\/\/puissalicon.fr\/index.php\/wp-json\/wp\/v2\/tags?post=3690"}],"curies":[{"name":"wp","href":"https:\/\/api.w.org\/{rel}","templated":true}]}}