{"id":3289,"date":"2016-07-15T13:20:57","date_gmt":"2016-07-15T13:20:57","guid":{"rendered":"http:\/\/www.puissalicon.fr\/?p=3289"},"modified":"2016-07-15T13:20:57","modified_gmt":"2016-07-15T13:20:57","slug":"hommage-aux-victimes","status":"publish","type":"post","link":"https:\/\/puissalicon.fr\/index.php\/2016\/07\/15\/hommage-aux-victimes\/","title":{"rendered":"Hommage aux victimes"},"content":{"rendered":"<p style=\"text-align: center;\"><span style=\"font-size: x-large;\">En hommage aux victimes de l&rsquo;attentat de Nice, la population est invit\u00e9e \u00e0 se retrouver \u00e0<a href=\"http:\/\/www.puissalicon.fr\/wp-content\/uploads\/2016\/07\/5969459_enough_1000x625.jpg\"><img loading=\"lazy\" decoding=\"async\" class=\" wp-image-3290 alignright\" style=\"width: 191px; height: 163px;\" alt=\"5969459_enough_1000x625\" src=\"http:\/\/www.puissalicon.fr\/wp-content\/uploads\/2016\/07\/5969459_enough_1000x625-150x150.jpg\" width=\"150\" height=\"150\" \/><\/a><\/span><\/p>\n<p style=\"text-align: center;\"><span style=\"font-size: x-large;\"><strong><span style=\"text-decoration: underline;\">18 heures sur la Promenade<\/span>,<\/strong><\/span><\/p>\n<p style=\"text-align: center;\"><span style=\"font-size: x-large;\">pour un rassemblement R\u00e9publicain.<\/span><\/p>\n<p style=\"text-align: center;\"><a href=\"http:\/\/www.puissalicon.fr\/wp-content\/uploads\/2016\/07\/5969459_enough_1000x625.jpg\">\u00a0<\/a><\/p>\n<p style=\"text-align: center;\"><a href=\"http:\/\/www.puissalicon.fr\/wp-content\/uploads\/2016\/07\/5969459_enough_1000x625.jpg\">\u00a0<\/a><\/p>\n","protected":false},"excerpt":{"rendered":"<p>En hommage aux victimes de l&rsquo;attentat de Nice, la population est invit\u00e9e \u00e0 se retrouver \u00e0 18 heures sur la Promenade, pour un rassemblement R\u00e9publicain. \u00a0 \u00a0<\/p>\n","protected":false},"author":2,"featured_media":0,"comment_status":"closed","ping_status":"closed","sticky":false,"template":"","format":"standard","meta":{"footnotes":""},"categories":[2],"tags":[],"class_list":["post-3289","post","type-post","status-publish","format-standard","hentry","category-actualites"],"post_mailing_queue_ids":[],"_links":{"self":[{"href":"https:\/\/puissalicon.fr\/index.php\/wp-json\/wp\/v2\/posts\/3289","targetHints":{"allow":["GET"]}}],"collection":[{"href":"https:\/\/puissalicon.fr\/index.php\/wp-json\/wp\/v2\/posts"}],"about":[{"href":"https:\/\/puissalicon.fr\/index.php\/wp-json\/wp\/v2\/types\/post"}],"author":[{"embeddable":true,"href":"https:\/\/puissalicon.fr\/index.php\/wp-json\/wp\/v2\/users\/2"}],"replies":[{"embeddable":true,"href":"https:\/\/puissalicon.fr\/index.php\/wp-json\/wp\/v2\/comments?post=3289"}],"version-history":[{"count":0,"href":"https:\/\/puissalicon.fr\/index.php\/wp-json\/wp\/v2\/posts\/3289\/revisions"}],"wp:attachment":[{"href":"https:\/\/puissalicon.fr\/index.php\/wp-json\/wp\/v2\/media?parent=3289"}],"wp:term":[{"taxonomy":"category","embeddable":true,"href":"https:\/\/puissalicon.fr\/index.php\/wp-json\/wp\/v2\/categories?post=3289"},{"taxonomy":"post_tag","embeddable":true,"href":"https:\/\/puissalicon.fr\/index.php\/wp-json\/wp\/v2\/tags?post=3289"}],"curies":[{"name":"wp","href":"https:\/\/api.w.org\/{rel}","templated":true}]}}