{"id":3108,"date":"2016-05-07T13:46:30","date_gmt":"2016-05-07T13:46:30","guid":{"rendered":"http:\/\/www.puissalicon.fr\/?p=3108"},"modified":"2016-05-07T13:46:30","modified_gmt":"2016-05-07T13:46:30","slug":"invitation-ceremonie-du-8-mai-2016","status":"publish","type":"post","link":"https:\/\/puissalicon.fr\/index.php\/2016\/05\/07\/invitation-ceremonie-du-8-mai-2016\/","title":{"rendered":"Invitation c\u00e9r\u00e9monie du 8 mai 2016"},"content":{"rendered":"<p><span style=\"font-size: large;\"><strong>Michel Farenc, Maire de Puissalicon<\/strong> et son Conseil Municipal ont l&rsquo;honneur de vous inviter \u00e0 la\u00a0<\/span><\/p>\n<p><a href=\"http:\/\/www.puissalicon.fr\/wp-content\/uploads\/2014\/05\/drapeau.png\"><img loading=\"lazy\" decoding=\"async\" class=\"wp-image-1398 alignright\" alt=\"drapeau\" src=\"http:\/\/www.puissalicon.fr\/wp-content\/uploads\/2014\/05\/drapeau.png\" width=\"147\" height=\"221\" \/><\/a><\/p>\n<p><span style=\"font-size: large;\">comm\u00e9moration du 71 \u00e9me \u00a0anniversaire de la fin de la Seconde Guerre Mondiale, qui aura lieu devant le <strong>monument aux morts<\/strong> \u00e0 <strong>10h45.<\/strong><\/span><\/p>\n<p><span style=\"font-size: large;\">Auparavant, vous pouvez vous joindre au cort\u00e8ge qui se formera \u00e0 <strong>10h30<\/strong> au <strong>R.I.S<\/strong>. pr\u00e8s du cimeti\u00e8re.<\/span><\/p>\n<p><span style=\"font-size: large;\">Un ap\u00e9ritif organis\u00e9 dans la salle des F\u00eates, cl\u00f4turera cette matin\u00e9e.<\/span><\/p>\n","protected":false},"excerpt":{"rendered":"<p>Michel Farenc, Maire de Puissalicon et son Conseil Municipal ont l&rsquo;honneur de vous inviter \u00e0 la\u00a0 comm\u00e9moration du 71 \u00e9me \u00a0anniversaire de la fin de la Seconde Guerre Mondiale, qui aura lieu devant le monument aux morts \u00e0 10h45. Auparavant, vous pouvez vous joindre au cort\u00e8ge qui se formera \u00e0 10h30 au R.I.S. pr\u00e8s du [&hellip;]<\/p>\n","protected":false},"author":1,"featured_media":0,"comment_status":"closed","ping_status":"closed","sticky":false,"template":"","format":"standard","meta":{"footnotes":""},"categories":[2],"tags":[],"class_list":["post-3108","post","type-post","status-publish","format-standard","hentry","category-actualites"],"post_mailing_queue_ids":[],"_links":{"self":[{"href":"https:\/\/puissalicon.fr\/index.php\/wp-json\/wp\/v2\/posts\/3108","targetHints":{"allow":["GET"]}}],"collection":[{"href":"https:\/\/puissalicon.fr\/index.php\/wp-json\/wp\/v2\/posts"}],"about":[{"href":"https:\/\/puissalicon.fr\/index.php\/wp-json\/wp\/v2\/types\/post"}],"author":[{"embeddable":true,"href":"https:\/\/puissalicon.fr\/index.php\/wp-json\/wp\/v2\/users\/1"}],"replies":[{"embeddable":true,"href":"https:\/\/puissalicon.fr\/index.php\/wp-json\/wp\/v2\/comments?post=3108"}],"version-history":[{"count":0,"href":"https:\/\/puissalicon.fr\/index.php\/wp-json\/wp\/v2\/posts\/3108\/revisions"}],"wp:attachment":[{"href":"https:\/\/puissalicon.fr\/index.php\/wp-json\/wp\/v2\/media?parent=3108"}],"wp:term":[{"taxonomy":"category","embeddable":true,"href":"https:\/\/puissalicon.fr\/index.php\/wp-json\/wp\/v2\/categories?post=3108"},{"taxonomy":"post_tag","embeddable":true,"href":"https:\/\/puissalicon.fr\/index.php\/wp-json\/wp\/v2\/tags?post=3108"}],"curies":[{"name":"wp","href":"https:\/\/api.w.org\/{rel}","templated":true}]}}