{"id":2380,"date":"2015-03-19T09:19:08","date_gmt":"2015-03-19T09:19:08","guid":{"rendered":"http:\/\/www.puissalicon.fr\/?p=2380"},"modified":"2015-03-19T09:19:08","modified_gmt":"2015-03-19T09:19:08","slug":"journee-nationale-du-souvenir-et-du-recueillement-a-la-memoire-des-victimes-civiles-et-militaires-de-la-guerre-dalgerie-et-des-combats-en-tunisie-et-au-maroc","status":"publish","type":"post","link":"https:\/\/puissalicon.fr\/index.php\/2015\/03\/19\/journee-nationale-du-souvenir-et-du-recueillement-a-la-memoire-des-victimes-civiles-et-militaires-de-la-guerre-dalgerie-et-des-combats-en-tunisie-et-au-maroc\/","title":{"rendered":"Journ\u00e9e nationale du souvenir et du recueillement \u00e0 la m\u00e9moire des victimes civiles et militaires de la guerre d&rsquo;Alg\u00e9rie et des combats en Tunisie et au Maroc"},"content":{"rendered":"<p><span style=\"font-size: large;\">La population est invit\u00e9e \u00e0 assister \u00e0 la c\u00e9r\u00e9monie du souvenir et du recueillement \u00e0 la m\u00e9moir\u00e9 des victimes civiles et militaires de la guerre d&rsquo;Alg\u00e9rie et des combats en Tunisie et au Maroc, qui se d\u00e9roulera le<\/span><\/p>\n<p>&nbsp;<\/p>\n<p style=\"text-align: center;\"><span style=\"color: #ff0000; font-size: large; text-decoration: underline;\"><strong>Jeudi 19 mars 2015 \u00e0 17H45,<\/strong><\/span><\/p>\n<p style=\"text-align: center;\"><span style=\"color: #ff0000; font-size: large;\"><strong><span style=\"text-decoration: underline;\">sur la place du 19 mars 1962<\/span>,<\/strong><\/span><\/p>\n<p style=\"text-align: left;\">\n<p style=\"text-align: left;\"><span style=\"font-size: large;\">\u00e0 l&rsquo;occasion de laquelle il vous sera fait lecture du message de Monsieur Jean-Marc TODESCHINI, Secr\u00e9taire d&rsquo;Etat aupr\u00e8s du Ministre de la d\u00e9fense, charg\u00e9 des anciens combattants et de la m\u00e9moire, ainsi qu&rsquo;un d\u00e9p\u00f4t de gerbe.<\/span><\/p>\n","protected":false},"excerpt":{"rendered":"<p>La population est invit\u00e9e \u00e0 assister \u00e0 la c\u00e9r\u00e9monie du souvenir et du recueillement \u00e0 la m\u00e9moir\u00e9 des victimes civiles et militaires de la guerre d&rsquo;Alg\u00e9rie et des combats en Tunisie et au Maroc, qui se d\u00e9roulera le &nbsp; Jeudi 19 mars 2015 \u00e0 17H45, sur la place du 19 mars 1962, \u00e0 l&rsquo;occasion de [&hellip;]<\/p>\n","protected":false},"author":2,"featured_media":0,"comment_status":"closed","ping_status":"closed","sticky":false,"template":"","format":"standard","meta":{"footnotes":""},"categories":[2],"tags":[],"class_list":["post-2380","post","type-post","status-publish","format-standard","hentry","category-actualites"],"post_mailing_queue_ids":[],"_links":{"self":[{"href":"https:\/\/puissalicon.fr\/index.php\/wp-json\/wp\/v2\/posts\/2380","targetHints":{"allow":["GET"]}}],"collection":[{"href":"https:\/\/puissalicon.fr\/index.php\/wp-json\/wp\/v2\/posts"}],"about":[{"href":"https:\/\/puissalicon.fr\/index.php\/wp-json\/wp\/v2\/types\/post"}],"author":[{"embeddable":true,"href":"https:\/\/puissalicon.fr\/index.php\/wp-json\/wp\/v2\/users\/2"}],"replies":[{"embeddable":true,"href":"https:\/\/puissalicon.fr\/index.php\/wp-json\/wp\/v2\/comments?post=2380"}],"version-history":[{"count":0,"href":"https:\/\/puissalicon.fr\/index.php\/wp-json\/wp\/v2\/posts\/2380\/revisions"}],"wp:attachment":[{"href":"https:\/\/puissalicon.fr\/index.php\/wp-json\/wp\/v2\/media?parent=2380"}],"wp:term":[{"taxonomy":"category","embeddable":true,"href":"https:\/\/puissalicon.fr\/index.php\/wp-json\/wp\/v2\/categories?post=2380"},{"taxonomy":"post_tag","embeddable":true,"href":"https:\/\/puissalicon.fr\/index.php\/wp-json\/wp\/v2\/tags?post=2380"}],"curies":[{"name":"wp","href":"https:\/\/api.w.org\/{rel}","templated":true}]}}