{"id":13788,"date":"2026-09-05T14:11:52","date_gmt":"2026-09-05T12:11:52","guid":{"rendered":"https:\/\/puissalicon.fr\/?p=13788"},"modified":"2026-09-05T14:11:52","modified_gmt":"2026-09-05T12:11:52","slug":"rencontre-avec-mario-galichon-autour-de-son-livre-reperes-le-11-sept-a-18h-a-la-mediatheque","status":"publish","type":"post","link":"https:\/\/puissalicon.fr\/index.php\/2026\/09\/05\/rencontre-avec-mario-galichon-autour-de-son-livre-reperes-le-11-sept-a-18h-a-la-mediatheque\/","title":{"rendered":"RENCONTRE AVEC MARIO GALICHON AUTOUR DE SON LIVRE REPERES, le 11 sept \u00e0 18h \u00e0 la m\u00e9diath\u00e8que"},"content":{"rendered":"<p><img loading=\"lazy\" decoding=\"async\" class=\"alignnone size-medium wp-image-13789\" src=\"https:\/\/puissalicon.fr\/wp-content\/uploads\/2026\/09\/rencontre-mario-galichon-212x300.jpg\" alt=\"\" width=\"212\" height=\"300\" srcset=\"https:\/\/puissalicon.fr\/wp-content\/uploads\/2026\/09\/rencontre-mario-galichon-212x300.jpg 212w, https:\/\/puissalicon.fr\/wp-content\/uploads\/2026\/09\/rencontre-mario-galichon-724x1024.jpg 724w, https:\/\/puissalicon.fr\/wp-content\/uploads\/2026\/09\/rencontre-mario-galichon-768x1086.jpg 768w, https:\/\/puissalicon.fr\/wp-content\/uploads\/2026\/09\/rencontre-mario-galichon-1086x1536.jpg 1086w, https:\/\/puissalicon.fr\/wp-content\/uploads\/2026\/09\/rencontre-mario-galichon-1448x2048.jpg 1448w, https:\/\/puissalicon.fr\/wp-content\/uploads\/2026\/09\/rencontre-mario-galichon.jpg 1587w\" sizes=\"auto, (max-width: 212px) 100vw, 212px\" \/><\/p>\n<div class=\"xdj266r x14z9mp xat24cr x1lziwak x1vvkbs x126k92a\">\n<div dir=\"auto\">Le vendredi 11 septembre \u00e0 18h, Mario Galichon pr\u00e9sentera son livre Rep\u00e8res \u00e0 la m\u00e9diath\u00e8que.<\/div>\n<\/div>\n<div class=\"x14z9mp xat24cr x1lziwak x1vvkbs xtlvy1s x126k92a\">\n<div dir=\"auto\">Venez \u00e9changer avec lui lors de ce moment privil\u00e9gi\u00e9 de partage, de discussion et de d\u00e9dicaces autour des grands th\u00e8mes qui ont fa\u00e7onn\u00e9 notre histoire.<\/div>\n<\/div>\n<div class=\"x14z9mp xat24cr x1lziwak x1vvkbs xtlvy1s x126k92a\">\n<div dir=\"auto\">Venez nombreux !<\/div>\n<\/div>\n<div dir=\"auto\"><\/div>\n<div dir=\"auto\">La m\u00e9diath\u00e8que<\/div>\n<div dir=\"auto\"><\/div>\n<div dir=\"auto\">\n<div dir=\"auto\">Horaires d&rsquo;ouvertures<\/div>\n<div dir=\"auto\">mardi 16h-18h<\/div>\n<div dir=\"auto\">mercredi 10h-12h et 15h-18h<\/div>\n<div dir=\"auto\">jeudi 10h-12h<\/div>\n<div dir=\"auto\">vendredi 15h-18h<\/div>\n<div dir=\"auto\">samedi 10h-12h et 15-18h<\/div>\n<\/div>\n","protected":false},"excerpt":{"rendered":"<p>Le vendredi 11 septembre \u00e0 18h, Mario Galichon pr\u00e9sentera son livre Rep\u00e8res \u00e0 la m\u00e9diath\u00e8que. Venez \u00e9changer avec lui lors de ce moment privil\u00e9gi\u00e9 de partage, de discussion et de d\u00e9dicaces autour des grands th\u00e8mes qui ont fa\u00e7onn\u00e9 notre histoire. Venez nombreux ! La m\u00e9diath\u00e8que Horaires d&rsquo;ouvertures mardi 16h-18h mercredi 10h-12h et 15h-18h jeudi 10h-12h [&hellip;]<\/p>\n","protected":false},"author":12,"featured_media":13789,"comment_status":"closed","ping_status":"closed","sticky":false,"template":"","format":"standard","meta":{"footnotes":""},"categories":[2,126],"tags":[],"class_list":["post-13788","post","type-post","status-publish","format-standard","has-post-thumbnail","hentry","category-actualites","category-bibliotheque-bibliotheque"],"post_mailing_queue_ids":[],"_links":{"self":[{"href":"https:\/\/puissalicon.fr\/index.php\/wp-json\/wp\/v2\/posts\/13788","targetHints":{"allow":["GET"]}}],"collection":[{"href":"https:\/\/puissalicon.fr\/index.php\/wp-json\/wp\/v2\/posts"}],"about":[{"href":"https:\/\/puissalicon.fr\/index.php\/wp-json\/wp\/v2\/types\/post"}],"author":[{"embeddable":true,"href":"https:\/\/puissalicon.fr\/index.php\/wp-json\/wp\/v2\/users\/12"}],"replies":[{"embeddable":true,"href":"https:\/\/puissalicon.fr\/index.php\/wp-json\/wp\/v2\/comments?post=13788"}],"version-history":[{"count":1,"href":"https:\/\/puissalicon.fr\/index.php\/wp-json\/wp\/v2\/posts\/13788\/revisions"}],"predecessor-version":[{"id":13790,"href":"https:\/\/puissalicon.fr\/index.php\/wp-json\/wp\/v2\/posts\/13788\/revisions\/13790"}],"wp:featuredmedia":[{"embeddable":true,"href":"https:\/\/puissalicon.fr\/index.php\/wp-json\/wp\/v2\/media\/13789"}],"wp:attachment":[{"href":"https:\/\/puissalicon.fr\/index.php\/wp-json\/wp\/v2\/media?parent=13788"}],"wp:term":[{"taxonomy":"category","embeddable":true,"href":"https:\/\/puissalicon.fr\/index.php\/wp-json\/wp\/v2\/categories?post=13788"},{"taxonomy":"post_tag","embeddable":true,"href":"https:\/\/puissalicon.fr\/index.php\/wp-json\/wp\/v2\/tags?post=13788"}],"curies":[{"name":"wp","href":"https:\/\/api.w.org\/{rel}","templated":true}]}}