{"id":13382,"date":"2026-04-30T10:46:17","date_gmt":"2026-04-30T08:46:17","guid":{"rendered":"https:\/\/puissalicon.fr\/?p=13382"},"modified":"2026-04-30T10:53:50","modified_gmt":"2026-04-30T08:53:50","slug":"information-du-ccas-de-puissalicon-repas-offert-aux-aines-4","status":"publish","type":"post","link":"https:\/\/puissalicon.fr\/index.php\/2026\/04\/30\/information-du-ccas-de-puissalicon-repas-offert-aux-aines-4\/","title":{"rendered":"Information du CCAS de Puissalicon \u2013 repas offert aux a\u00een\u00e9s"},"content":{"rendered":"<div class=\"x11i5rnm xat24cr x1mh8g0r x1vvkbs xtlvy1s x126k92a\">\n<div dir=\"auto\">Le repas des a\u00een\u00e9s est fix\u00e9 au samedi 30 mai 2026 \u00e0 12H00.<\/div>\n<div dir=\"auto\"><\/div>\n<div dir=\"auto\">Vous pouvez participer si vous avez 70 ans dans l\u2019ann\u00e9e ou, pour un couple, si l\u2019un des deux a l\u2019\u00e2ge.<\/div>\n<div dir=\"auto\"><\/div>\n<\/div>\n<div class=\"x11i5rnm xat24cr x1mh8g0r x1vvkbs xtlvy1s x126k92a\">\n<div dir=\"auto\">Si vous n\u2019avez pas re\u00e7u d\u2019invitation, veuillez le signaler au secr\u00e9tariat de la Mairie avant le mercredi 20 mai 2026 \u00e0 17H00.<\/div>\n<div dir=\"auto\"><img loading=\"lazy\" decoding=\"async\" class=\"size-large wp-image-13383 aligncenter\" src=\"https:\/\/puissalicon.fr\/wp-content\/uploads\/2026\/04\/Invitation-repas-offert-aux-aines-724x1024.jpg\" alt=\"\" width=\"724\" height=\"1024\" srcset=\"https:\/\/puissalicon.fr\/wp-content\/uploads\/2026\/04\/Invitation-repas-offert-aux-aines-724x1024.jpg 724w, https:\/\/puissalicon.fr\/wp-content\/uploads\/2026\/04\/Invitation-repas-offert-aux-aines-212x300.jpg 212w, https:\/\/puissalicon.fr\/wp-content\/uploads\/2026\/04\/Invitation-repas-offert-aux-aines-768x1086.jpg 768w, https:\/\/puissalicon.fr\/wp-content\/uploads\/2026\/04\/Invitation-repas-offert-aux-aines-1086x1536.jpg 1086w, https:\/\/puissalicon.fr\/wp-content\/uploads\/2026\/04\/Invitation-repas-offert-aux-aines-1448x2048.jpg 1448w, https:\/\/puissalicon.fr\/wp-content\/uploads\/2026\/04\/Invitation-repas-offert-aux-aines-scaled.jpg 1810w\" sizes=\"auto, (max-width: 724px) 100vw, 724px\" \/><\/div>\n<\/div>\n","protected":false},"excerpt":{"rendered":"<p>Le repas des a\u00een\u00e9s est fix\u00e9 au samedi 30 mai 2026 \u00e0 12H00. Vous pouvez participer si vous avez 70 ans dans l\u2019ann\u00e9e ou, pour un couple, si l\u2019un des deux a l\u2019\u00e2ge. Si vous n\u2019avez pas re\u00e7u d\u2019invitation, veuillez le signaler au secr\u00e9tariat de la Mairie avant le mercredi 20 mai 2026 \u00e0 17H00.<\/p>\n","protected":false},"author":2,"featured_media":13383,"comment_status":"closed","ping_status":"closed","sticky":false,"template":"","format":"standard","meta":{"footnotes":""},"categories":[2],"tags":[],"class_list":["post-13382","post","type-post","status-publish","format-standard","has-post-thumbnail","hentry","category-actualites"],"post_mailing_queue_ids":[],"_links":{"self":[{"href":"https:\/\/puissalicon.fr\/index.php\/wp-json\/wp\/v2\/posts\/13382","targetHints":{"allow":["GET"]}}],"collection":[{"href":"https:\/\/puissalicon.fr\/index.php\/wp-json\/wp\/v2\/posts"}],"about":[{"href":"https:\/\/puissalicon.fr\/index.php\/wp-json\/wp\/v2\/types\/post"}],"author":[{"embeddable":true,"href":"https:\/\/puissalicon.fr\/index.php\/wp-json\/wp\/v2\/users\/2"}],"replies":[{"embeddable":true,"href":"https:\/\/puissalicon.fr\/index.php\/wp-json\/wp\/v2\/comments?post=13382"}],"version-history":[{"count":1,"href":"https:\/\/puissalicon.fr\/index.php\/wp-json\/wp\/v2\/posts\/13382\/revisions"}],"predecessor-version":[{"id":13384,"href":"https:\/\/puissalicon.fr\/index.php\/wp-json\/wp\/v2\/posts\/13382\/revisions\/13384"}],"wp:featuredmedia":[{"embeddable":true,"href":"https:\/\/puissalicon.fr\/index.php\/wp-json\/wp\/v2\/media\/13383"}],"wp:attachment":[{"href":"https:\/\/puissalicon.fr\/index.php\/wp-json\/wp\/v2\/media?parent=13382"}],"wp:term":[{"taxonomy":"category","embeddable":true,"href":"https:\/\/puissalicon.fr\/index.php\/wp-json\/wp\/v2\/categories?post=13382"},{"taxonomy":"post_tag","embeddable":true,"href":"https:\/\/puissalicon.fr\/index.php\/wp-json\/wp\/v2\/tags?post=13382"}],"curies":[{"name":"wp","href":"https:\/\/api.w.org\/{rel}","templated":true}]}}