{"id":13353,"date":"2026-04-29T13:57:32","date_gmt":"2026-04-29T11:57:32","guid":{"rendered":"https:\/\/puissalicon.fr\/?p=13353"},"modified":"2026-04-29T13:57:32","modified_gmt":"2026-04-29T11:57:32","slug":"exposition-de-claudine-hagege-a-la-mediatheque-du-5-mai-au-2-juin-2026","status":"publish","type":"post","link":"https:\/\/puissalicon.fr\/index.php\/2026\/04\/29\/exposition-de-claudine-hagege-a-la-mediatheque-du-5-mai-au-2-juin-2026\/","title":{"rendered":"Exposition de Claudine Hag\u00e8ge \u00e0 la m\u00e9diath\u00e8que du 5 mai au 2 juin 2026"},"content":{"rendered":"<div id=\"message-htmlpart1\" class=\"rcmBody\">\n<p><span style=\"font-family: Verdana; font-size: medium;\"><img loading=\"lazy\" decoding=\"async\" class=\"alignnone  wp-image-13354\" src=\"https:\/\/puissalicon.fr\/wp-content\/uploads\/2026\/04\/Expo-Puissalicon-212x300.jpg\" alt=\"\" width=\"367\" height=\"519\" srcset=\"https:\/\/puissalicon.fr\/wp-content\/uploads\/2026\/04\/Expo-Puissalicon-212x300.jpg 212w, https:\/\/puissalicon.fr\/wp-content\/uploads\/2026\/04\/Expo-Puissalicon.jpg 595w\" sizes=\"auto, (max-width: 367px) 100vw, 367px\" \/><\/span><\/p>\n<p><span style=\"font-family: Verdana; font-size: medium;\">Ch\u00e8re lectrice, cher lecteu<\/span><span style=\"font-family: Verdana; font-size: medium;\">r,<\/span><\/p>\n<p><span style=\"font-family: Verdana; font-size: medium;\">nous sommes heureux de vous inviter \u00e0 notre prochaine exposition, qui commencera \u00e0 partir du mardi 5 mai jusqu&rsquo; \u00e0 la fin du mois.<\/span><\/p>\n<p><span style=\"font-family: Verdana; font-size: medium;\">Le vernissage aura lieu le samedi 16 mai \u00e0 18h30 en pr\u00e9sence de l&rsquo;artiste, Claudine Hagege.<\/span><\/p>\n<\/div>\n<div>\n<p><span style=\"font-family: Verdana; font-size: medium;\">Quelques mots de l&rsquo;artiste :<\/span><\/p>\n<p><span style=\"font-family: Verdana; font-size: medium;\">Ma rencontre avec l&rsquo;aquarelle a \u00e9t\u00e9 une vraie d\u00e9couverte, il y a une dizaine d&rsquo;ann\u00e9es. J&rsquo;ai d\u00e9but\u00e9 par le pastel et l&rsquo;huile mais l&rsquo;aquarelle est devenue un vrai terrain de recherches : trouver un \u00e9quilibre entre mouill\u00e9, sec, jouer avec les al\u00e9as de l&rsquo;eau et des pigments, rechercher la transparence et la lumi\u00e8re ne cessent de me surprendre. De mes voyages \u00e0 travers le monde je reviens charg\u00e9e de lumi\u00e8res, de paysages, d&rsquo;\u00e9motions, de richesses et de portraits. J&rsquo;essaye d&rsquo;interpr\u00e9ter sur papier Arches mes rencontres, l&rsquo;instant pr\u00e9sent d&rsquo;ici ou d&rsquo;ailleurs. Le Languedoc, ma r\u00e9gion d&rsquo;adoption, offre une palette extraordinaire de paysages , de monuments, de lumi\u00e8res et de contrastes. Je suis passionn\u00e9e par la couleur et je cherche \u00e0 la traduire selon mon humeur. On peut essayer de tout faire avec l&rsquo;aquarelle. C&rsquo;est une porte ouverte \u00e0 l&rsquo;imagination. Je peins les fleurs et les arbres, la nature comme les humains en essayant de partager leurs caract\u00e8res volubiles , myst\u00e9rieux, sensuels, fragiles ou d\u00e9licats. Je fais aussi des carnets de voyages. V\u00e9ritables albums souvenirs de mes p\u00e9r\u00e9grinations proches ou lointaines. Ils sont mes \u00ab journaux intimes \u00bb de toutes mes opportunit\u00e9s artistiques riches d&rsquo;\u00e9motions et de souvenirs. Ils offrent une d\u00e9marche sur le vif qui fixe l&rsquo;atmosph\u00e8re des lieux. Je suis membre des Beaux Arts de B\u00e9ziers et je participe activement \u00e0 l&rsquo;atelier aquarelle et aux forums des cr\u00e9ateurs programm\u00e9s chaque ann\u00e9e. J&rsquo;expose dans quelques salons et divers lieux.<\/span><\/p>\n<\/div>\n<div>\n<div class=\"v1x14z9mp v1xat24cr v1x1lziwak v1x1vvkbs v1xtlvy1s v1x126k92a\">\n<div><span style=\"font-family: Verdana;\">La m\u00e9diath\u00e8que<\/span><\/div>\n<\/div>\n<\/div>\n","protected":false},"excerpt":{"rendered":"<p>Ch\u00e8re lectrice, cher lecteur, nous sommes heureux de vous inviter \u00e0 notre prochaine exposition, qui commencera \u00e0 partir du mardi 5 mai jusqu&rsquo; \u00e0 la fin du mois. Le vernissage aura lieu le samedi 16 mai \u00e0 18h30 en pr\u00e9sence de l&rsquo;artiste, Claudine Hagege. Quelques mots de l&rsquo;artiste : Ma rencontre avec l&rsquo;aquarelle a \u00e9t\u00e9 [&hellip;]<\/p>\n","protected":false},"author":12,"featured_media":13354,"comment_status":"closed","ping_status":"closed","sticky":false,"template":"","format":"standard","meta":{"footnotes":""},"categories":[2,126],"tags":[],"class_list":["post-13353","post","type-post","status-publish","format-standard","has-post-thumbnail","hentry","category-actualites","category-bibliotheque-bibliotheque"],"post_mailing_queue_ids":[],"_links":{"self":[{"href":"https:\/\/puissalicon.fr\/index.php\/wp-json\/wp\/v2\/posts\/13353","targetHints":{"allow":["GET"]}}],"collection":[{"href":"https:\/\/puissalicon.fr\/index.php\/wp-json\/wp\/v2\/posts"}],"about":[{"href":"https:\/\/puissalicon.fr\/index.php\/wp-json\/wp\/v2\/types\/post"}],"author":[{"embeddable":true,"href":"https:\/\/puissalicon.fr\/index.php\/wp-json\/wp\/v2\/users\/12"}],"replies":[{"embeddable":true,"href":"https:\/\/puissalicon.fr\/index.php\/wp-json\/wp\/v2\/comments?post=13353"}],"version-history":[{"count":2,"href":"https:\/\/puissalicon.fr\/index.php\/wp-json\/wp\/v2\/posts\/13353\/revisions"}],"predecessor-version":[{"id":13356,"href":"https:\/\/puissalicon.fr\/index.php\/wp-json\/wp\/v2\/posts\/13353\/revisions\/13356"}],"wp:featuredmedia":[{"embeddable":true,"href":"https:\/\/puissalicon.fr\/index.php\/wp-json\/wp\/v2\/media\/13354"}],"wp:attachment":[{"href":"https:\/\/puissalicon.fr\/index.php\/wp-json\/wp\/v2\/media?parent=13353"}],"wp:term":[{"taxonomy":"category","embeddable":true,"href":"https:\/\/puissalicon.fr\/index.php\/wp-json\/wp\/v2\/categories?post=13353"},{"taxonomy":"post_tag","embeddable":true,"href":"https:\/\/puissalicon.fr\/index.php\/wp-json\/wp\/v2\/tags?post=13353"}],"curies":[{"name":"wp","href":"https:\/\/api.w.org\/{rel}","templated":true}]}}