{"id":13347,"date":"2026-04-28T17:05:11","date_gmt":"2026-04-28T15:05:11","guid":{"rendered":"https:\/\/puissalicon.fr\/?p=13347"},"modified":"2026-04-28T17:05:11","modified_gmt":"2026-04-28T15:05:11","slug":"les-contes-du-potager-a-la-mediatheque-pour-les-3-6-ans","status":"publish","type":"post","link":"https:\/\/puissalicon.fr\/index.php\/2026\/04\/28\/les-contes-du-potager-a-la-mediatheque-pour-les-3-6-ans\/","title":{"rendered":"LES CONTES DU POTAGER A LA MEDIATHEQUE POUR LES 3-6 ANS"},"content":{"rendered":"<p><img loading=\"lazy\" decoding=\"async\" class=\"alignnone size-medium wp-image-13348\" src=\"https:\/\/puissalicon.fr\/wp-content\/uploads\/2026\/04\/CONTES-DU-POTAGER-212x300.jpg\" alt=\"\" width=\"212\" height=\"300\" srcset=\"https:\/\/puissalicon.fr\/wp-content\/uploads\/2026\/04\/CONTES-DU-POTAGER-212x300.jpg 212w, https:\/\/puissalicon.fr\/wp-content\/uploads\/2026\/04\/CONTES-DU-POTAGER-724x1024.jpg 724w, https:\/\/puissalicon.fr\/wp-content\/uploads\/2026\/04\/CONTES-DU-POTAGER-768x1086.jpg 768w, https:\/\/puissalicon.fr\/wp-content\/uploads\/2026\/04\/CONTES-DU-POTAGER-1086x1536.jpg 1086w, https:\/\/puissalicon.fr\/wp-content\/uploads\/2026\/04\/CONTES-DU-POTAGER-1448x2048.jpg 1448w, https:\/\/puissalicon.fr\/wp-content\/uploads\/2026\/04\/CONTES-DU-POTAGER.jpg 1587w\" sizes=\"auto, (max-width: 212px) 100vw, 212px\" \/><\/p>\n<p><span style=\"color: #333333; font-family: Verdana;\">Lecteurs, Lectrices,<\/span><\/p>\n<p><span style=\"color: #333333; font-family: Verdana;\">la m\u00e9diath\u00e8que propose le mercredi 20 mai \u00e0 10h30, le spectacle <em>Les contes du potager<\/em> par Mathilde de Lapeyre pour les enfants de 3 \u00e0 6 ans, sur r\u00e9servation et accompagn\u00e9s d&rsquo;un adulte.<\/span><\/p>\n<p><span style=\"font-size: 16px; font-family: 'Roboto Regular', -apple-system, 'Helvetica Neue', Helvetica, Arial, sans-serif; white-space: normal; word-spacing: 0px; text-transform: none; float: none; font-weight: 400; color: #404040; font-style: normal; orphans: 2; widows: 2; display: inline !important; letter-spacing: 0px; background-color: #ffffff; text-indent: 0px; font-variant-ligatures: normal; font-variant-caps: normal; -webkit-text-stroke-width: 0px; text-decoration-thickness: initial; text-decoration-style: initial; text-decoration-color: initial;\"><span style=\"font-family: Verdana;\">Cultivons le vivre-ensemble et le go\u00fbt des bons l\u00e9gumes, arros\u00e9s d\u2019engrais 100 % naturels et puissants : le rire et l\u2019imaginaire ! Ce spectacle interactif ce nourri de contes populaires sp\u00e9cialement adapt\u00e9s aux plus jeunes. Il s\u2019adresse \u00e0 tous les petits jardiniers et les petites jardini\u00e8res en herbe qu\u2019ils ou qu\u2019elles connaissent ou non la joie d\u2019un potager.<\/span><\/span><\/p>\n<div class=\"html-div xdj266r x14z9mp xat24cr x1lziwak xexx8yu xyri2b x18d9i69 x1c1uobl\">\n<div class=\"html-div xdj266r x14z9mp xat24cr x1lziwak xexx8yu xyri2b x18d9i69 x1c1uobl\" dir=\"auto\">\n<div class=\"html-div xdj266r x14z9mp xat24cr x1lziwak xexx8yu xyri2b x18d9i69 x1c1uobl\" data-ad-rendering-role=\"story_message\">\n<div class=\"x1l90r2v x1iorvi4 x1g0dm76 xpdmqnj\" data-ad-comet-preview=\"message\" data-ad-preview=\"message\">\n<div class=\"x78zum5 xdt5ytf xz62fqu x16ldp7u\">\n<div class=\"xu06os2 x1ok221b\">\n<div class=\"html-div xdj266r x14z9mp xat24cr x1lziwak xexx8yu xyri2b x18d9i69 x1c1uobl\">\n<div class=\"x14z9mp xat24cr x1lziwak x1vvkbs xtlvy1s x126k92a\">\n<p dir=\"auto\">R\u00e9servation par mail \u00e0 mediatheque@puissalicon.fr ou par t\u00e9l\u00e9phone au 04 67 28 11 78<\/p>\n<\/div>\n<\/div>\n<\/div>\n<\/div>\n<\/div>\n<\/div>\n<\/div>\n<div class=\"html-div xdj266r x14z9mp xat24cr x1lziwak xexx8yu xyri2b x18d9i69 x1c1uobl x1n2onr6\">\n<div class=\"html-div xdj266r x14z9mp xat24cr x1lziwak xexx8yu xyri2b x18d9i69 x1c1uobl x1n2onr6\"><\/div>\n<div class=\"html-div xdj266r x14z9mp xat24cr x1lziwak xexx8yu xyri2b x18d9i69 x1c1uobl x6ikm8r x10wlt62\"><\/div>\n<\/div>\n<\/div>\n<div>\n<div class=\"x8gbvx8 x80vd3b x1q0q8m5 xso031l x8cjs6t x13fuv20 x178xt8z x78zum5 x1q0g3np x1qughib x1y1aw1k xf159sx xwib8y2 x1g0dm76\">\n<div class=\"x6s0dn4 x78zum5 x1nhvcw1\"><\/div>\n<div>\n<div><\/div>\n<\/div>\n<\/div>\n<\/div>\n<div>\n<div class=\"xabvvm4 xeyy32k x1ia1hqs x1a2w583 x6ikm8r x10wlt62\" data-visualcompletion=\"ignore-dynamic\">\n<div>\n<div>\n<div>\n<div class=\"xbmvrgn x1diwwjn\">\n<div class=\"x9f619 x1ja2u2z x78zum5 x2lah0s x1n2onr6 x1qughib x1qjc9v5 xozqiw3 x1q0g3np xyri2b x1c1uobl xjkvuk6 x1iorvi4 x11lt19s xe9ewy2 x4cne27 xifccgj\">\n<div class=\"x9f619 x1n2onr6 x1ja2u2z x78zum5 xdt5ytf x193iq5w xeuugli x1r8uery x1iyjqo2 xs83m0k x14vy60q xyiysdx x10b6aqq x1yrsyyn\"><\/div>\n<div class=\"x9f619 x1n2onr6 x1ja2u2z x78zum5 xdt5ytf x193iq5w xeuugli x1r8uery x1iyjqo2 xs83m0k x14vy60q xyiysdx x10b6aqq x1yrsyyn\"><\/div>\n<div class=\"x9f619 x1n2onr6 x1ja2u2z x78zum5 xdt5ytf x193iq5w xeuugli x1r8uery x1iyjqo2 xs83m0k x14vy60q xyiysdx x10b6aqq x1yrsyyn\"><\/div>\n<\/div>\n<\/div>\n<\/div>\n<\/div>\n<div><\/div>\n<\/div>\n<\/div>\n<\/div>\n","protected":false},"excerpt":{"rendered":"<p>Lecteurs, Lectrices, la m\u00e9diath\u00e8que propose le mercredi 20 mai \u00e0 10h30, le spectacle Les contes du potager par Mathilde de Lapeyre pour les enfants de 3 \u00e0 6 ans, sur r\u00e9servation et accompagn\u00e9s d&rsquo;un adulte. Cultivons le vivre-ensemble et le go\u00fbt des bons l\u00e9gumes, arros\u00e9s d\u2019engrais 100 % naturels et puissants : le rire et [&hellip;]<\/p>\n","protected":false},"author":12,"featured_media":13348,"comment_status":"closed","ping_status":"closed","sticky":false,"template":"","format":"standard","meta":{"footnotes":""},"categories":[2,126],"tags":[],"class_list":["post-13347","post","type-post","status-publish","format-standard","has-post-thumbnail","hentry","category-actualites","category-bibliotheque-bibliotheque"],"post_mailing_queue_ids":[],"_links":{"self":[{"href":"https:\/\/puissalicon.fr\/index.php\/wp-json\/wp\/v2\/posts\/13347","targetHints":{"allow":["GET"]}}],"collection":[{"href":"https:\/\/puissalicon.fr\/index.php\/wp-json\/wp\/v2\/posts"}],"about":[{"href":"https:\/\/puissalicon.fr\/index.php\/wp-json\/wp\/v2\/types\/post"}],"author":[{"embeddable":true,"href":"https:\/\/puissalicon.fr\/index.php\/wp-json\/wp\/v2\/users\/12"}],"replies":[{"embeddable":true,"href":"https:\/\/puissalicon.fr\/index.php\/wp-json\/wp\/v2\/comments?post=13347"}],"version-history":[{"count":1,"href":"https:\/\/puissalicon.fr\/index.php\/wp-json\/wp\/v2\/posts\/13347\/revisions"}],"predecessor-version":[{"id":13349,"href":"https:\/\/puissalicon.fr\/index.php\/wp-json\/wp\/v2\/posts\/13347\/revisions\/13349"}],"wp:featuredmedia":[{"embeddable":true,"href":"https:\/\/puissalicon.fr\/index.php\/wp-json\/wp\/v2\/media\/13348"}],"wp:attachment":[{"href":"https:\/\/puissalicon.fr\/index.php\/wp-json\/wp\/v2\/media?parent=13347"}],"wp:term":[{"taxonomy":"category","embeddable":true,"href":"https:\/\/puissalicon.fr\/index.php\/wp-json\/wp\/v2\/categories?post=13347"},{"taxonomy":"post_tag","embeddable":true,"href":"https:\/\/puissalicon.fr\/index.php\/wp-json\/wp\/v2\/tags?post=13347"}],"curies":[{"name":"wp","href":"https:\/\/api.w.org\/{rel}","templated":true}]}}