{"id":13343,"date":"2026-04-28T15:50:41","date_gmt":"2026-04-28T13:50:41","guid":{"rendered":"https:\/\/puissalicon.fr\/?p=13343"},"modified":"2026-04-28T15:50:41","modified_gmt":"2026-04-28T13:50:41","slug":"fermetures-de-la-mediatheque-en-raison-de-jours-feries","status":"publish","type":"post","link":"https:\/\/puissalicon.fr\/index.php\/2026\/04\/28\/fermetures-de-la-mediatheque-en-raison-de-jours-feries\/","title":{"rendered":"FERMETURES DE LA MEDIATHEQUE EN RAISON DE JOURS FERIES"},"content":{"rendered":"<div class=\"xdj266r x14z9mp xat24cr x1lziwak x1vvkbs x126k92a\">\n<div dir=\"auto\"><img loading=\"lazy\" decoding=\"async\" class=\"alignnone size-medium wp-image-13344\" src=\"https:\/\/puissalicon.fr\/wp-content\/uploads\/2026\/04\/fermeture-2-mai-225x300.jpg\" alt=\"\" width=\"225\" height=\"300\" srcset=\"https:\/\/puissalicon.fr\/wp-content\/uploads\/2026\/04\/fermeture-2-mai-225x300.jpg 225w, https:\/\/puissalicon.fr\/wp-content\/uploads\/2026\/04\/fermeture-2-mai-768x1024.jpg 768w, https:\/\/puissalicon.fr\/wp-content\/uploads\/2026\/04\/fermeture-2-mai.jpg 1080w\" sizes=\"auto, (max-width: 225px) 100vw, 225px\" \/><\/div>\n<div dir=\"auto\">La m\u00e9diath\u00e8que vous annonce ces jours de fermetures en mai en raison de jours f\u00e9ri\u00e9s : 1er mai, 2 mai, 8 mai et 14 mai.<\/div>\n<div dir=\"auto\"><\/div>\n<\/div>\n<div class=\"x14z9mp xat24cr x1lziwak x1vvkbs xtlvy1s x126k92a\">\n<div dir=\"auto\">En dehors de ces fermetures, la m\u00e9diath\u00e8que est ouverte aux horaires habituels.<\/div>\n<div dir=\"auto\"><\/div>\n<\/div>\n<div class=\"x14z9mp xat24cr x1lziwak x1vvkbs xtlvy1s x126k92a\">\n<div dir=\"auto\">HORAIRES D&rsquo;OUVERTURE<\/div>\n<div dir=\"auto\">MARDI 16h \u00e0 18h<\/div>\n<div dir=\"auto\">MERCREDI 10h \u00e0 12h 15h \u00e0 18h<\/div>\n<div dir=\"auto\">JEUDI 10h \u00e0 12h<\/div>\n<div dir=\"auto\">VENDREDI 15h \u00e0 18h<\/div>\n<div dir=\"auto\">SAMEDI 10h \u00e0 12h 15h \u00e0 18h<\/div>\n<\/div>\n","protected":false},"excerpt":{"rendered":"<p>La m\u00e9diath\u00e8que vous annonce ces jours de fermetures en mai en raison de jours f\u00e9ri\u00e9s : 1er mai, 2 mai, 8 mai et 14 mai. En dehors de ces fermetures, la m\u00e9diath\u00e8que est ouverte aux horaires habituels. HORAIRES D&rsquo;OUVERTURE MARDI 16h \u00e0 18h MERCREDI 10h \u00e0 12h 15h \u00e0 18h JEUDI 10h \u00e0 12h VENDREDI [&hellip;]<\/p>\n","protected":false},"author":12,"featured_media":13344,"comment_status":"closed","ping_status":"closed","sticky":false,"template":"","format":"standard","meta":{"footnotes":""},"categories":[2,126],"tags":[],"class_list":["post-13343","post","type-post","status-publish","format-standard","has-post-thumbnail","hentry","category-actualites","category-bibliotheque-bibliotheque"],"post_mailing_queue_ids":[],"_links":{"self":[{"href":"https:\/\/puissalicon.fr\/index.php\/wp-json\/wp\/v2\/posts\/13343","targetHints":{"allow":["GET"]}}],"collection":[{"href":"https:\/\/puissalicon.fr\/index.php\/wp-json\/wp\/v2\/posts"}],"about":[{"href":"https:\/\/puissalicon.fr\/index.php\/wp-json\/wp\/v2\/types\/post"}],"author":[{"embeddable":true,"href":"https:\/\/puissalicon.fr\/index.php\/wp-json\/wp\/v2\/users\/12"}],"replies":[{"embeddable":true,"href":"https:\/\/puissalicon.fr\/index.php\/wp-json\/wp\/v2\/comments?post=13343"}],"version-history":[{"count":2,"href":"https:\/\/puissalicon.fr\/index.php\/wp-json\/wp\/v2\/posts\/13343\/revisions"}],"predecessor-version":[{"id":13346,"href":"https:\/\/puissalicon.fr\/index.php\/wp-json\/wp\/v2\/posts\/13343\/revisions\/13346"}],"wp:featuredmedia":[{"embeddable":true,"href":"https:\/\/puissalicon.fr\/index.php\/wp-json\/wp\/v2\/media\/13344"}],"wp:attachment":[{"href":"https:\/\/puissalicon.fr\/index.php\/wp-json\/wp\/v2\/media?parent=13343"}],"wp:term":[{"taxonomy":"category","embeddable":true,"href":"https:\/\/puissalicon.fr\/index.php\/wp-json\/wp\/v2\/categories?post=13343"},{"taxonomy":"post_tag","embeddable":true,"href":"https:\/\/puissalicon.fr\/index.php\/wp-json\/wp\/v2\/tags?post=13343"}],"curies":[{"name":"wp","href":"https:\/\/api.w.org\/{rel}","templated":true}]}}