{"id":13337,"date":"2026-04-27T16:26:39","date_gmt":"2026-04-27T14:26:39","guid":{"rendered":"https:\/\/puissalicon.fr\/?p=13337"},"modified":"2026-04-27T16:32:29","modified_gmt":"2026-04-27T14:32:29","slug":"sictom-pezenas-agde","status":"publish","type":"post","link":"https:\/\/puissalicon.fr\/index.php\/2026\/04\/27\/sictom-pezenas-agde\/","title":{"rendered":"SICTOM P\u00e9zenas-Agde &#8211; information jour f\u00e9ri\u00e9 du 1er mai 2026"},"content":{"rendered":"<div dir=\"auto\"><span class=\"html-span xexx8yu xyri2b x18d9i69 x1c1uobl x1hl2dhg x16tdsg8 x1vvkbs x3nfvp2 x1j61x8r x1fcty0u xdj266r xat24cr xm2jcoa x1mpyi22 xxymvpz xlup9mm x1kky2od\"><img loading=\"lazy\" decoding=\"async\" class=\"xz74otr x15mokao x1ga7v0g x16uus16 xbiv7yw\" src=\"https:\/\/static.xx.fbcdn.net\/images\/emoji.php\/v9\/t39\/1\/16\/1f4e2.png\" alt=\"\ud83d\udce2\" width=\"16\" height=\"16\" \/><\/span> INFO COLLECTES &amp; D\u00c9CH\u00c8TERIES \u2013 1er MAI <span class=\"html-span xexx8yu xyri2b x18d9i69 x1c1uobl x1hl2dhg x16tdsg8 x1vvkbs x3nfvp2 x1j61x8r x1fcty0u xdj266r xat24cr xm2jcoa x1mpyi22 xxymvpz xlup9mm x1kky2od\"><img loading=\"lazy\" decoding=\"async\" class=\"xz74otr x15mokao x1ga7v0g x16uus16 xbiv7yw\" src=\"https:\/\/static.xx.fbcdn.net\/images\/emoji.php\/v9\/t5c\/1\/16\/1f5d3.png\" alt=\"\ud83d\uddd3\ufe0f\" width=\"16\" height=\"16\" \/><\/span><\/div>\n<div dir=\"auto\">\u00c0 l\u2019occasion du jour f\u00e9ri\u00e9 du vendredi 1er mai, quelques changements sont \u00e0 pr\u00e9voir :<\/div>\n<div dir=\"auto\"><span class=\"html-span xexx8yu xyri2b x18d9i69 x1c1uobl x1hl2dhg x16tdsg8 x1vvkbs x3nfvp2 x1j61x8r x1fcty0u xdj266r xat24cr xm2jcoa x1mpyi22 xxymvpz xlup9mm x1kky2od\"><img loading=\"lazy\" decoding=\"async\" class=\"xz74otr x15mokao x1ga7v0g x16uus16 xbiv7yw\" src=\"https:\/\/static.xx.fbcdn.net\/images\/emoji.php\/v9\/t97\/1\/16\/1f69b.png\" alt=\"\ud83d\ude9b\" width=\"16\" height=\"16\" \/><\/span> COLLECTES DES BACS INDIVIDUELS<\/div>\n<div dir=\"auto\">Les collectes pr\u00e9vues ce jour-l\u00e0 seront report\u00e9es au samedi 2 mai.<\/div>\n<div dir=\"auto\"><span class=\"html-span xexx8yu xyri2b x18d9i69 x1c1uobl x1hl2dhg x16tdsg8 x1vvkbs x3nfvp2 x1j61x8r x1fcty0u xdj266r xat24cr xm2jcoa x1mpyi22 xxymvpz xlup9mm x1kky2od\"><img loading=\"lazy\" decoding=\"async\" class=\"xz74otr x15mokao x1ga7v0g x16uus16 xbiv7yw\" src=\"https:\/\/static.xx.fbcdn.net\/images\/emoji.php\/v9\/t50\/1\/16\/2757.png\" alt=\"\u2757\" width=\"16\" height=\"16\" \/><\/span> Exception : AGDE les collectes habituelles sont assur\u00e9es.<\/div>\n<div dir=\"auto\"><span class=\"html-span xexx8yu xyri2b x18d9i69 x1c1uobl x1hl2dhg x16tdsg8 x1vvkbs x3nfvp2 x1j61x8r x1fcty0u xdj266r xat24cr xm2jcoa x1mpyi22 xxymvpz xlup9mm x1kky2od\"><img loading=\"lazy\" decoding=\"async\" class=\"xz74otr x15mokao x1ga7v0g x16uus16 xbiv7yw\" src=\"https:\/\/static.xx.fbcdn.net\/images\/emoji.php\/v9\/tde\/1\/16\/1f3d7.png\" alt=\"\ud83c\udfd7\ufe0f\" width=\"16\" height=\"16\" \/><\/span> D\u00c9CH\u00c8TERIES<\/div>\n<div dir=\"auto\">Toutes les d\u00e9ch\u00e8teries du territoire seront ferm\u00e9es le vendredi 1er mai.<\/div>\n<div dir=\"auto\"><span class=\"html-span xexx8yu xyri2b x18d9i69 x1c1uobl x1hl2dhg x16tdsg8 x1vvkbs x3nfvp2 x1j61x8r x1fcty0u xdj266r xat24cr xm2jcoa x1mpyi22 xxymvpz xlup9mm x1kky2od\"><img loading=\"lazy\" decoding=\"async\" class=\"xz74otr x15mokao x1ga7v0g x16uus16 xbiv7yw\" src=\"https:\/\/static.xx.fbcdn.net\/images\/emoji.php\/v9\/t80\/1\/16\/1f64f.png\" alt=\"\ud83d\ude4f\" width=\"16\" height=\"16\" \/><\/span> Merci pour votre compr\u00e9hension et votre engagement en faveur du tri !<\/div>\n<div dir=\"auto\">Communaut\u00e9 d&rsquo;Agglom\u00e9ration H\u00e9rault M\u00e9diterran\u00e9e Agglo B\u00e9ziers Communaut\u00e9 de Communes Les Avant-Monts<\/div>\n<div dir=\"auto\"><\/div>\n<div dir=\"auto\"><img loading=\"lazy\" decoding=\"async\" class=\"size-large wp-image-13338 aligncenter\" src=\"https:\/\/puissalicon.fr\/wp-content\/uploads\/2026\/04\/Jour-ferie-1ER-MAI-2026-819x1024.jpg\" alt=\"\" width=\"750\" height=\"938\" srcset=\"https:\/\/puissalicon.fr\/wp-content\/uploads\/2026\/04\/Jour-ferie-1ER-MAI-2026-819x1024.jpg 819w, https:\/\/puissalicon.fr\/wp-content\/uploads\/2026\/04\/Jour-ferie-1ER-MAI-2026-240x300.jpg 240w, https:\/\/puissalicon.fr\/wp-content\/uploads\/2026\/04\/Jour-ferie-1ER-MAI-2026-768x960.jpg 768w, https:\/\/puissalicon.fr\/wp-content\/uploads\/2026\/04\/Jour-ferie-1ER-MAI-2026.jpg 1080w\" sizes=\"auto, (max-width: 750px) 100vw, 750px\" \/><\/div>\n","protected":false},"excerpt":{"rendered":"<p>INFO COLLECTES &amp; D\u00c9CH\u00c8TERIES \u2013 1er MAI \u00c0 l\u2019occasion du jour f\u00e9ri\u00e9 du vendredi 1er mai, quelques changements sont \u00e0 pr\u00e9voir : COLLECTES DES BACS INDIVIDUELS Les collectes pr\u00e9vues ce jour-l\u00e0 seront report\u00e9es au samedi 2 mai. Exception : AGDE les collectes habituelles sont assur\u00e9es. D\u00c9CH\u00c8TERIES Toutes les d\u00e9ch\u00e8teries du territoire seront ferm\u00e9es le vendredi [&hellip;]<\/p>\n","protected":false},"author":2,"featured_media":13338,"comment_status":"closed","ping_status":"closed","sticky":false,"template":"","format":"standard","meta":{"footnotes":""},"categories":[2],"tags":[],"class_list":["post-13337","post","type-post","status-publish","format-standard","has-post-thumbnail","hentry","category-actualites"],"post_mailing_queue_ids":[],"_links":{"self":[{"href":"https:\/\/puissalicon.fr\/index.php\/wp-json\/wp\/v2\/posts\/13337","targetHints":{"allow":["GET"]}}],"collection":[{"href":"https:\/\/puissalicon.fr\/index.php\/wp-json\/wp\/v2\/posts"}],"about":[{"href":"https:\/\/puissalicon.fr\/index.php\/wp-json\/wp\/v2\/types\/post"}],"author":[{"embeddable":true,"href":"https:\/\/puissalicon.fr\/index.php\/wp-json\/wp\/v2\/users\/2"}],"replies":[{"embeddable":true,"href":"https:\/\/puissalicon.fr\/index.php\/wp-json\/wp\/v2\/comments?post=13337"}],"version-history":[{"count":3,"href":"https:\/\/puissalicon.fr\/index.php\/wp-json\/wp\/v2\/posts\/13337\/revisions"}],"predecessor-version":[{"id":13341,"href":"https:\/\/puissalicon.fr\/index.php\/wp-json\/wp\/v2\/posts\/13337\/revisions\/13341"}],"wp:featuredmedia":[{"embeddable":true,"href":"https:\/\/puissalicon.fr\/index.php\/wp-json\/wp\/v2\/media\/13338"}],"wp:attachment":[{"href":"https:\/\/puissalicon.fr\/index.php\/wp-json\/wp\/v2\/media?parent=13337"}],"wp:term":[{"taxonomy":"category","embeddable":true,"href":"https:\/\/puissalicon.fr\/index.php\/wp-json\/wp\/v2\/categories?post=13337"},{"taxonomy":"post_tag","embeddable":true,"href":"https:\/\/puissalicon.fr\/index.php\/wp-json\/wp\/v2\/tags?post=13337"}],"curies":[{"name":"wp","href":"https:\/\/api.w.org\/{rel}","templated":true}]}}