{"id":1268,"date":"2014-04-09T16:03:40","date_gmt":"2014-04-09T16:03:40","guid":{"rendered":"http:\/\/www.puissalicon.fr\/?p=1268"},"modified":"2014-04-09T16:03:40","modified_gmt":"2014-04-09T16:03:40","slug":"elections-municipales","status":"publish","type":"post","link":"https:\/\/puissalicon.fr\/index.php\/2014\/04\/09\/elections-municipales\/","title":{"rendered":"Elections municipales"},"content":{"rendered":"<p>&nbsp;<\/p>\n<p>&nbsp;<\/p>\n<p>&nbsp;<\/p>\n<p><span style=\"color: #0000ff;\"><strong>R\u00e9sultats des \u00e9lections municipales<a href=\"http:\/\/www.puissalicon.fr\/wp-content\/uploads\/2014\/04\/images.jpg\"><span style=\"color: #0000ff;\"><img loading=\"lazy\" decoding=\"async\" class=\"size-full wp-image-1270 alignleft\" src=\"http:\/\/www.puissalicon.fr\/wp-content\/uploads\/2014\/04\/images.jpg\" alt=\"images\" width=\"225\" height=\"225\" \/><\/span><\/a><\/strong><\/span><\/p>\n<p>Inscrits :944\u00a0\u00a0\u00a0 Votants: 797\u00a0 \u00a0 \u00a0 Exprim\u00e9s :761<\/p>\n<p>Puissalicon\u00a0 le changement: Monsieur Michel FARENC\u00a0\u00a0\u00a0\u00a0\u00a0\u00a0\u00a0\u00a0\u00a0 386 voix\u00a0\u00a0 50,72 %<\/p>\n<p>Puissalicon pour tous\u00a0\u00a0\u00a0\u00a0\u00a0\u00a0\u00a0\u00a0\u00a0 : Monsieur Gaspard LORENTE\u00a0\u00a0\u00a0\u00a0\u00a0 375 voix\u00a0\u00a0 49,28%<\/p>\n<p>Monsieur Michel FARENC\u00a0 a \u00e9t\u00e9 \u00e9lu officiellement maire de Puissalicon au cours du premier Conseil Municipal d&rsquo;installation qui s&rsquo;est d\u00e9roul\u00e9 le 30 mars 2014<\/p>\n<p>La liste \u00ab\u00a0Puissalicon\u00a0 le changement\u00a0\u00bb a 12 si\u00e8ges et la liste \u00ab\u00a0Puissalicon pour tous \u00a0\u00bb 3 si\u00e8ges<\/p>\n<p>Conseillers communautaires : Puissalicon\u00a0 le changement : 2 Conseillers\u00a0\u00a0\u00a0\u00a0\u00a0\u00a0\u00a0\u00a0 Puissalicon pour tous : 1 conseiller<\/p>\n<p>Le Conseil municipal d&rsquo;installation des adjoints et des commissions a eu lieu le lundi 7 avril<\/p>\n<p>Le compte-rendu sera mis prochainement en ligne.<\/p>\n<p>&nbsp;<\/p>\n","protected":false},"excerpt":{"rendered":"<p>&nbsp; &nbsp; &nbsp; R\u00e9sultats des \u00e9lections municipales Inscrits :944\u00a0\u00a0\u00a0 Votants: 797\u00a0 \u00a0 \u00a0 Exprim\u00e9s :761 Puissalicon\u00a0 le changement: Monsieur Michel FARENC\u00a0\u00a0\u00a0\u00a0\u00a0\u00a0\u00a0\u00a0\u00a0 386 voix\u00a0\u00a0 50,72 % Puissalicon pour tous\u00a0\u00a0\u00a0\u00a0\u00a0\u00a0\u00a0\u00a0\u00a0 : Monsieur Gaspard LORENTE\u00a0\u00a0\u00a0\u00a0\u00a0 375 voix\u00a0\u00a0 49,28% Monsieur Michel FARENC\u00a0 a \u00e9t\u00e9 \u00e9lu officiellement maire de Puissalicon au cours du premier Conseil Municipal d&rsquo;installation qui s&rsquo;est d\u00e9roul\u00e9 [&hellip;]<\/p>\n","protected":false},"author":2,"featured_media":0,"comment_status":"closed","ping_status":"closed","sticky":false,"template":"","format":"standard","meta":{"footnotes":""},"categories":[2],"tags":[],"class_list":["post-1268","post","type-post","status-publish","format-standard","hentry","category-actualites"],"post_mailing_queue_ids":[],"_links":{"self":[{"href":"https:\/\/puissalicon.fr\/index.php\/wp-json\/wp\/v2\/posts\/1268","targetHints":{"allow":["GET"]}}],"collection":[{"href":"https:\/\/puissalicon.fr\/index.php\/wp-json\/wp\/v2\/posts"}],"about":[{"href":"https:\/\/puissalicon.fr\/index.php\/wp-json\/wp\/v2\/types\/post"}],"author":[{"embeddable":true,"href":"https:\/\/puissalicon.fr\/index.php\/wp-json\/wp\/v2\/users\/2"}],"replies":[{"embeddable":true,"href":"https:\/\/puissalicon.fr\/index.php\/wp-json\/wp\/v2\/comments?post=1268"}],"version-history":[{"count":0,"href":"https:\/\/puissalicon.fr\/index.php\/wp-json\/wp\/v2\/posts\/1268\/revisions"}],"wp:attachment":[{"href":"https:\/\/puissalicon.fr\/index.php\/wp-json\/wp\/v2\/media?parent=1268"}],"wp:term":[{"taxonomy":"category","embeddable":true,"href":"https:\/\/puissalicon.fr\/index.php\/wp-json\/wp\/v2\/categories?post=1268"},{"taxonomy":"post_tag","embeddable":true,"href":"https:\/\/puissalicon.fr\/index.php\/wp-json\/wp\/v2\/tags?post=1268"}],"curies":[{"name":"wp","href":"https:\/\/api.w.org\/{rel}","templated":true}]}}