{"id":10216,"date":"2023-10-06T17:05:51","date_gmt":"2023-10-06T15:05:51","guid":{"rendered":"https:\/\/puissalicon.fr\/?p=10216"},"modified":"2023-10-06T17:05:51","modified_gmt":"2023-10-06T15:05:51","slug":"alerte-secheresse-arrete-prefectoral-06-10-2023-maintien-en-niveau-crise-rouge-du-bassin-versant-de-lorb-amont-et-aval","status":"publish","type":"post","link":"https:\/\/puissalicon.fr\/index.php\/2023\/10\/06\/alerte-secheresse-arrete-prefectoral-06-10-2023-maintien-en-niveau-crise-rouge-du-bassin-versant-de-lorb-amont-et-aval\/","title":{"rendered":"Alerte s\u00e9cheresse \u2013 Arr\u00eat\u00e9 pr\u00e9fectoral 06\/10\/2023 \u2013 Maintien en niveau CRISE (rouge) du bassin versant de l\u2019Orb amont et aval"},"content":{"rendered":"<p><img loading=\"lazy\" decoding=\"async\" class=\"aligncenter wp-image-10217 size-full\" src=\"https:\/\/puissalicon.fr\/wp-content\/uploads\/2023\/10\/Carte_secheresse-03.10.23-scaled.jpg\" alt=\"\" width=\"1809\" height=\"2560\" srcset=\"https:\/\/puissalicon.fr\/wp-content\/uploads\/2023\/10\/Carte_secheresse-03.10.23-scaled.jpg 1809w, https:\/\/puissalicon.fr\/wp-content\/uploads\/2023\/10\/Carte_secheresse-03.10.23-212x300.jpg 212w, https:\/\/puissalicon.fr\/wp-content\/uploads\/2023\/10\/Carte_secheresse-03.10.23-724x1024.jpg 724w, https:\/\/puissalicon.fr\/wp-content\/uploads\/2023\/10\/Carte_secheresse-03.10.23-768x1087.jpg 768w, https:\/\/puissalicon.fr\/wp-content\/uploads\/2023\/10\/Carte_secheresse-03.10.23-1086x1536.jpg 1086w, https:\/\/puissalicon.fr\/wp-content\/uploads\/2023\/10\/Carte_secheresse-03.10.23-1447x2048.jpg 1447w\" sizes=\"auto, (max-width: 1809px) 100vw, 1809px\" \/><\/p>\n<p>&nbsp;<\/p>\n<div id=\"main\" class=\"container main-container\">\n<div class=\"fr-grid-row fr-grid-row--gutters\">\n<div class=\"fr-col-12 fr-col-md-8\">\n<p><b>Maintien en crise des bassins versants du Vidourle, du Lez-Mosson, de l&rsquo;Orb amont, du Jaur, de l&rsquo;Orb aval, de l\u2019Aude aval Berre et Rieu, de l\u2019Argent double-Ognon et de la Cesse<\/b><\/p>\n<p>Le comit\u00e9 de suivi de la ressource en eau de l\u2019H\u00e9rault s\u2019est r\u00e9uni le 3 octobre 2023.<\/p>\n<p>Les pluies intenses des 15 et 16 septembre dans le nord du d\u00e9partement, ainsi que l\u2019\u00e9pisode de pluie du 20 septembre, ont permis d\u2019am\u00e9liorer temporairement l\u2019hydrologie de certains cours d\u2019eau sur les secteurs concern\u00e9s (H\u00e9rault amont et aval). En revanche, le niveau des nappes a peu augment\u00e9 et continue m\u00eame \u00e0 se d\u00e9grader localement. De plus, des situations de tension pour l\u2019alimentation en eau potable de plusieurs communes de l\u2019ouest du d\u00e9partement persistent.<\/p>\n<p>Au regard de ces \u00e9l\u00e9ments, des pr\u00e9visions m\u00e9t\u00e9orologiques \u00e0 court terme, ainsi que de la tension pour l\u2019alimentation en eau potable dans certains secteurs, et en coh\u00e9rence avec les d\u00e9cisions des d\u00e9partements voisins, le pr\u00e9fet de l\u2019H\u00e9rault a d\u00e9cid\u00e9 :<\/p>\n<p>\u2022 le <strong><span style=\"color: #ff0000;\">maintien en crise<\/span><\/strong> des <strong><span style=\"color: #ff0000;\">bassins versants<\/span> <\/strong>du Vidourle, du Lez-Mosson, <strong><span style=\"color: #ff0000;\">de l&rsquo;Orb amont<\/span><\/strong>, du Jaur, <strong><span style=\"color: #ff0000;\">de l&rsquo;Orb aval<\/span><\/strong>, de l&rsquo;Aude aval Berre et Rieu, de l\u2019Argent double-Ognon et de la Cesse ;<\/p>\n<p>\u2022 le maintien en alerte renforc\u00e9e des bassins versants de l\u2019Or, de l\u2019H\u00e9rault amont, de la Lergue, de l&rsquo;axe Orb soutenu, de l\u2019Agout, de la nappe astienne, du canal du Midi (dans sa partie h\u00e9raultaise) et du Thor\u00e9 amont ;<\/p>\n<p>\u2022 la r\u00e9trogradation en alerte renforc\u00e9e du bassin versant de l\u2019H\u00e9rault aval ;<\/p>\n<p>\u2022 le maintien en vigilance de l&rsquo;axe Lez soutenu et de la nappe des Molasses de Castries.<\/p>\n<p>Les particuliers, professionnels (entreprises, exploitations agricoles) et collectivit\u00e9s peuvent conna\u00eetre, en temps r\u00e9el, le niveau d\u2019alerte relatif \u00e0 la ressource en eau et les restrictions d\u2019usage qui s\u2019appliquent \u00e0 une commune en utilisant le nouvel outil de la DDTM de l\u2019H\u00e9rault :\u00a0<a class=\"fr-link\" title=\"Visiter le site https:\/\/herault.adm-occitanie.fr\/restreau\/ - nouvelle fen\u00eatre\" href=\"https:\/\/herault.adm-occitanie.fr\/restreau\/\" target=\"_blank\" rel=\"noopener\" data-xiti-site=\"482004\" data-xiti-name=\"lien_externe::Etat_des_ressources_en_eau::::la_carte_interactive_Restreau_34\" data-xiti-type=\"exit\" data-xiti-niv2=\"\" data-fr-js-link-actionee=\"true\">la carte interactive Restreau 34<\/a>.<\/p>\n<p>Pour rappel, les mesures de restrictions concernent l\u2019ensemble des usages, qu\u2019ils soient professionnels ou priv\u00e9s, y compris lorsque ceux-ci sont faits \u00e0 partir de forages ou de pompages domestiques.<\/p>\n<p>Les infographies sont consultables sur :\u00a0<a class=\"fr-link\" title=\"Visiter le site https:\/\/www.herault.gouv.fr\/Actions-de-l-Etat\/Environnement-eau-chasse-risques-naturels-et-technologiques\/Eau\/Secheresse - nouvelle fen\u00eatre\" href=\"https:\/\/www.herault.gouv.fr\/Actions-de-l-Etat\/Environnement-eau-chasse-risques-naturels-et-technologiques\/Eau\/Secheresse\" target=\"_blank\" rel=\"noopener\" data-xiti-site=\"482004\" data-xiti-name=\"lien_externe::Etat_des_ressources_en_eau::::https_\/\/www.herault.gouv.fr\/Actions-de-l-Etat\/Environnement-eau-chasse-risques-naturels-et-technologiques\/Eau\/Secheresse\" data-xiti-type=\"exit\" data-xiti-niv2=\"\" data-fr-js-link-actionee=\"true\">https:\/\/www.herault.gouv.fr\/Actions-de-l-Etat\/Environnement-eau-chasse-risques-naturels-et-technologiques\/Eau\/Secheresse<\/a><\/p>\n<p>Le pr\u00e9fet de l\u2019H\u00e9rault invite chacun \u00e0 \u00e9viter tout gaspillage et \u00e0 ma\u00eetriser sa consommation d\u2019eau. Il est rappel\u00e9 que des arr\u00eat\u00e9s de restriction d\u2019usage de l\u2019eau compl\u00e9mentaires peuvent \u00eatre pris par les maires concern\u00e9s s\u2019ils estiment que la situation sur leur territoire le n\u00e9cessite.<\/p>\n<div class=\"\">\n<div class=\"fr-download\">\n<p><a class=\"fr-download__link\" href=\"https:\/\/www.herault.gouv.fr\/contenu\/telechargement\/47472\/356071\/file\/AP_DDTM34-2023-10-14264_restriction_eau_secheresse_06102023.pdf\" target=\"_blank\" rel=\"noopener\" data-xiti-site=\"482004\" data-xiti-name=\"lien_telechargement::Etat_des_ressources_en_eau::::AP_DDTM34-2023-10-14264_restriction_eau_secheresse_06102023.pdf\" data-xiti-type=\"download\" data-xiti-niv2=\"\" data-fr-js-download-actionee=\"true\">T\u00e9l\u00e9charger Arr\u00eat\u00e9 pr\u00e9fectoral s\u00e9cheresse 06 octobre 2023\u00a0<span class=\"fr-download__detail\">PDF &#8211; 0,72 Mb &#8211; 06\/10\/2023<\/span><\/a><\/p>\n<\/div>\n<\/div>\n<div class=\"\">\n<div class=\"fr-download\">\n<p><a class=\"fr-download__link\" href=\"https:\/\/www.herault.gouv.fr\/contenu\/telechargement\/47470\/356061\/file\/Carte_s%C3%A9cheresse.pdf\" target=\"_blank\" rel=\"noopener\" data-xiti-site=\"482004\" data-xiti-name=\"lien_telechargement::Etat_des_ressources_en_eau::::Carte_secheresse.pdf\" data-xiti-type=\"download\" data-xiti-niv2=\"\" data-fr-js-download-actionee=\"true\">T\u00e9l\u00e9charger Carte s\u00e9cheresse_03_octobre_2023\u00a0<span class=\"fr-download__detail\">PDF &#8211; 2,64 Mb &#8211; 06\/10\/2023<\/span><\/a><\/p>\n<\/div>\n<\/div>\n<div class=\"\">\n<div class=\"fr-download\">\n<p><a class=\"fr-download__link\" href=\"https:\/\/www.herault.gouv.fr\/contenu\/telechargement\/47471\/356066\/file\/CP_s%C3%A9cheresse_061023.pdf\" target=\"_blank\" rel=\"noopener\" data-xiti-site=\"482004\" data-xiti-name=\"lien_telechargement::Etat_des_ressources_en_eau::::CP_secheresse_061023.pdf\" data-xiti-type=\"download\" data-xiti-niv2=\"\" data-fr-js-download-actionee=\"true\">T\u00e9l\u00e9charger Communiqu\u00e9 de presse &#8211; 06 octobre 2023\u00a0<span class=\"fr-download__detail\">PDF &#8211; 0,06 Mb &#8211; 06\/10\/2023<\/span><\/a><\/p>\n<\/div>\n<\/div>\n<div class=\"fr-grid-row\">\n<div class=\"fr-col-12\">\n<div class=\"fr-downloads-group fr-downloads-group--bordered\"><\/div>\n<\/div>\n<\/div>\n<\/div>\n<div class=\"fr-col-12 fr-col-md-4\">\n<nav class=\"fr-sidemenu\" role=\"navigation\" aria-label=\"secondaire\" data-fr-js-sidemenu-actionee=\"true\">\n<div class=\"fr-sidemenu__inner\">\n<div id=\"fr-sidemenu-wrapper-right\" class=\"fr-collapse fr-px-1w\" data-fr-js-collapse=\"true\">Partager la page<\/div>\n<\/div>\n<\/nav>\n<\/div>\n<\/div>\n<div class=\"fr-grid-row fr-mt-3w\">\n<div class=\"fr-col-12 fr-col-md-6\">\n<div class=\"fr-share\" data-fr-js-share-actionee=\"true\">\n<ul class=\"fr-btns-group\">\n<li><a class=\"fr-btn fr-btn--facebook\" title=\"Partager sur Facebook - nouvelle fen\u00eatre\" href=\"https:\/\/www.facebook.com\/sharer\/sharer.php?u=https:\/\/www.herault.gouv.fr\/Actions-de-l-Etat\/Environnement-eau-chasse-risques-naturels-et-technologiques\/Eau\/Secheresse\/Etat-de-la-ressource-en-eau-06-octobre-2023\/Etat-des-ressources-en-eau\" target=\"_blank\" rel=\"noopener, noreferrer noopener\" data-xiti-site=\"482004\" data-xiti-name=\"partage::Etat_des_ressources_en_eau::facebook::partage_de_larticle\" data-xiti-type=\"action\" data-xiti-niv2=\"\" data-fr-js-button-actionee=\"true\">Partager sur Facebook<\/a><\/li>\n<li><a class=\"fr-btn fr-btn--twitter\" title=\"Partager sur Twitter - nouvelle fen\u00eatre\" href=\"https:\/\/twitter.com\/intent\/tweet?url=https:\/\/www.herault.gouv.fr\/Actions-de-l-Etat\/Environnement-eau-chasse-risques-naturels-et-technologiques\/Eau\/Secheresse\/Etat-de-la-ressource-en-eau-06-octobre-2023\/Etat-des-ressources-en-eau&amp;text=Etat%20des%20ressources%20en%20eau\" target=\"_blank\" rel=\"noopener, noreferrer noopener\" data-xiti-site=\"482004\" data-xiti-name=\"partage::Etat_des_ressources_en_eau::twitter::partage_de_larticle\" data-xiti-type=\"action\" data-xiti-niv2=\"\" data-fr-js-button-actionee=\"true\">Partager sur Twitter<\/a><\/li>\n<li><a class=\"fr-btn fr-btn--linkedin\" title=\"Partager sur LinkedIn - nouvelle fen\u00eatre\" href=\"https:\/\/www.linkedin.com\/shareArticle?url=https:\/\/www.herault.gouv.fr\/Actions-de-l-Etat\/Environnement-eau-chasse-risques-naturels-et-technologiques\/Eau\/Secheresse\/Etat-de-la-ressource-en-eau-06-octobre-2023\/Etat-des-ressources-en-eau&amp;title=Etat%20des%20ressources%20en%20eau\" target=\"_blank\" rel=\"noopener, noreferrer noopener\" data-xiti-site=\"482004\" data-xiti-name=\"partage::Etat_des_ressources_en_eau::linkedin::partage_de_larticle\" data-xiti-type=\"action\" data-xiti-niv2=\"\" data-fr-js-button-actionee=\"true\">Partager sur LinkedIn<\/a><\/li>\n<\/ul>\n<\/div>\n<\/div>\n<\/div>\n<\/div>\n<p>&nbsp;<\/p>\n<div class=\"fr-follow fr-mt-3w\" data-fr-js-follow-actionee=\"true\">\n<div class=\"fr-container\">\n<div class=\"fr-grid-row\">\n<div class=\"fr-col-12\"><\/div>\n<\/div>\n<\/div>\n<\/div>\n","protected":false},"excerpt":{"rendered":"<p>&nbsp; Maintien en crise des bassins versants du Vidourle, du Lez-Mosson, de l&rsquo;Orb amont, du Jaur, de l&rsquo;Orb aval, de l\u2019Aude aval Berre et Rieu, de l\u2019Argent double-Ognon et de la Cesse Le comit\u00e9 de suivi de la ressource en eau de l\u2019H\u00e9rault s\u2019est r\u00e9uni le 3 octobre 2023. Les pluies intenses des 15 et [&hellip;]<\/p>\n","protected":false},"author":10,"featured_media":10217,"comment_status":"closed","ping_status":"closed","sticky":false,"template":"","format":"standard","meta":{"footnotes":""},"categories":[2],"tags":[],"class_list":["post-10216","post","type-post","status-publish","format-standard","has-post-thumbnail","hentry","category-actualites"],"post_mailing_queue_ids":[],"_links":{"self":[{"href":"https:\/\/puissalicon.fr\/index.php\/wp-json\/wp\/v2\/posts\/10216","targetHints":{"allow":["GET"]}}],"collection":[{"href":"https:\/\/puissalicon.fr\/index.php\/wp-json\/wp\/v2\/posts"}],"about":[{"href":"https:\/\/puissalicon.fr\/index.php\/wp-json\/wp\/v2\/types\/post"}],"author":[{"embeddable":true,"href":"https:\/\/puissalicon.fr\/index.php\/wp-json\/wp\/v2\/users\/10"}],"replies":[{"embeddable":true,"href":"https:\/\/puissalicon.fr\/index.php\/wp-json\/wp\/v2\/comments?post=10216"}],"version-history":[{"count":2,"href":"https:\/\/puissalicon.fr\/index.php\/wp-json\/wp\/v2\/posts\/10216\/revisions"}],"predecessor-version":[{"id":10219,"href":"https:\/\/puissalicon.fr\/index.php\/wp-json\/wp\/v2\/posts\/10216\/revisions\/10219"}],"wp:featuredmedia":[{"embeddable":true,"href":"https:\/\/puissalicon.fr\/index.php\/wp-json\/wp\/v2\/media\/10217"}],"wp:attachment":[{"href":"https:\/\/puissalicon.fr\/index.php\/wp-json\/wp\/v2\/media?parent=10216"}],"wp:term":[{"taxonomy":"category","embeddable":true,"href":"https:\/\/puissalicon.fr\/index.php\/wp-json\/wp\/v2\/categories?post=10216"},{"taxonomy":"post_tag","embeddable":true,"href":"https:\/\/puissalicon.fr\/index.php\/wp-json\/wp\/v2\/tags?post=10216"}],"curies":[{"name":"wp","href":"https:\/\/api.w.org\/{rel}","templated":true}]}}