{"id":10129,"date":"2023-09-11T22:33:37","date_gmt":"2023-09-11T20:33:37","guid":{"rendered":"https:\/\/puissalicon.fr\/?p=10129"},"modified":"2023-09-11T22:38:47","modified_gmt":"2023-09-11T20:38:47","slug":"la-maison-de-ma-region-se-deplace-a-magalas","status":"publish","type":"post","link":"https:\/\/puissalicon.fr\/index.php\/2023\/09\/11\/la-maison-de-ma-region-se-deplace-a-magalas\/","title":{"rendered":"MERCREDI 20 SEPTEMBRE 2023 9h30 \u00e0 12h30 \u2022 LA MAISON de MA r\u00e9gion \u00e0 Magalas"},"content":{"rendered":"<h4><em><span style=\"color: #ff0000;\">La Maison de Ma R\u00e9gion se d\u00e9place \u00e0 Magalas<\/span><\/em><br \/>\nDes conseillers de la Maison de Ma R\u00e9gion B\u00e9ziers se rapprochent de vous pour vous informer.<\/h4>\n<p style=\"text-align: left;\">\u00a0 \u00a0 \u00a0 \u00a0 \u00a0 \u00a0 \u00a0Pour tout savoir et mieux comprendre les aides et services de la R\u00e9gion Occitanie mis en place pour vous au\u00a0 \u00a0 \u00a0 \u00a0 \u00a0 \u00a0quotidien :<\/p>\n<p style=\"text-align: center;\">Les transports liO, la carte jeune et l\u2019ordi, les mobilit\u00e9s.<\/p>\n<p style=\"text-align: center;\">La formation professionnelle, les aides aux entreprises, aux associations\u2026<\/p>\n<h3 style=\"text-align: center;\"><span style=\"color: #ff9900;\"><strong>MERCREDI 20 SEPTEMBRE 2023<\/strong><\/span><br \/>\n<span style=\"color: #ff9900;\"><strong>9h30 \u00e0 12h30 \u2022 sur le march\u00e9 \/ sur la promenade<\/strong><\/span><\/h3>\n<p><a href=\"https:\/\/puissalicon.fr\/mmr-magalas_a5_hd-2\/\"><img loading=\"lazy\" decoding=\"async\" class=\"wp-image-10128 aligncenter\" src=\"https:\/\/puissalicon.fr\/wp-content\/uploads\/2023\/09\/MMR-MAGALAS_A5_HD-2.jpg\" alt=\"\" width=\"713\" height=\"1012\" srcset=\"https:\/\/puissalicon.fr\/wp-content\/uploads\/2023\/09\/MMR-MAGALAS_A5_HD-2.jpg 1165w, https:\/\/puissalicon.fr\/wp-content\/uploads\/2023\/09\/MMR-MAGALAS_A5_HD-2-211x300.jpg 211w, https:\/\/puissalicon.fr\/wp-content\/uploads\/2023\/09\/MMR-MAGALAS_A5_HD-2-721x1024.jpg 721w, https:\/\/puissalicon.fr\/wp-content\/uploads\/2023\/09\/MMR-MAGALAS_A5_HD-2-768x1090.jpg 768w, https:\/\/puissalicon.fr\/wp-content\/uploads\/2023\/09\/MMR-MAGALAS_A5_HD-2-1082x1536.jpg 1082w\" sizes=\"auto, (max-width: 713px) 100vw, 713px\" \/><\/a><\/p>\n","protected":false},"excerpt":{"rendered":"<p>La Maison de Ma R\u00e9gion se d\u00e9place \u00e0 Magalas Des conseillers de la Maison de Ma R\u00e9gion B\u00e9ziers se rapprochent de vous pour vous informer. \u00a0 \u00a0 \u00a0 \u00a0 \u00a0 \u00a0 \u00a0Pour tout savoir et mieux comprendre les aides et services de la R\u00e9gion Occitanie mis en place pour vous au\u00a0 \u00a0 \u00a0 \u00a0 \u00a0 [&hellip;]<\/p>\n","protected":false},"author":1,"featured_media":10128,"comment_status":"closed","ping_status":"closed","sticky":false,"template":"","format":"standard","meta":{"footnotes":""},"categories":[2],"tags":[],"class_list":["post-10129","post","type-post","status-publish","format-standard","has-post-thumbnail","hentry","category-actualites"],"post_mailing_queue_ids":[],"_links":{"self":[{"href":"https:\/\/puissalicon.fr\/index.php\/wp-json\/wp\/v2\/posts\/10129","targetHints":{"allow":["GET"]}}],"collection":[{"href":"https:\/\/puissalicon.fr\/index.php\/wp-json\/wp\/v2\/posts"}],"about":[{"href":"https:\/\/puissalicon.fr\/index.php\/wp-json\/wp\/v2\/types\/post"}],"author":[{"embeddable":true,"href":"https:\/\/puissalicon.fr\/index.php\/wp-json\/wp\/v2\/users\/1"}],"replies":[{"embeddable":true,"href":"https:\/\/puissalicon.fr\/index.php\/wp-json\/wp\/v2\/comments?post=10129"}],"version-history":[{"count":7,"href":"https:\/\/puissalicon.fr\/index.php\/wp-json\/wp\/v2\/posts\/10129\/revisions"}],"predecessor-version":[{"id":10136,"href":"https:\/\/puissalicon.fr\/index.php\/wp-json\/wp\/v2\/posts\/10129\/revisions\/10136"}],"wp:featuredmedia":[{"embeddable":true,"href":"https:\/\/puissalicon.fr\/index.php\/wp-json\/wp\/v2\/media\/10128"}],"wp:attachment":[{"href":"https:\/\/puissalicon.fr\/index.php\/wp-json\/wp\/v2\/media?parent=10129"}],"wp:term":[{"taxonomy":"category","embeddable":true,"href":"https:\/\/puissalicon.fr\/index.php\/wp-json\/wp\/v2\/categories?post=10129"},{"taxonomy":"post_tag","embeddable":true,"href":"https:\/\/puissalicon.fr\/index.php\/wp-json\/wp\/v2\/tags?post=10129"}],"curies":[{"name":"wp","href":"https:\/\/api.w.org\/{rel}","templated":true}]}}